{"id":2159,"date":"2024-03-06T07:06:41","date_gmt":"2024-03-06T07:06:41","guid":{"rendered":"https:\/\/vilokan.com\/adf\/?p=2159"},"modified":"2024-03-06T07:06:44","modified_gmt":"2024-03-06T07:06:44","slug":"vilokan-adf-solutions-gmbh-start-drift-av-recyclinganlaggningen-samt-ansvar-for-forsorjning-och-avfallshantering-av-adf-pa-muc","status":"publish","type":"post","link":"https:\/\/vilokan.com\/adf\/sv\/vilokan-adf-solutions-gmbh-start-drift-av-recyclinganlaggningen-samt-ansvar-for-forsorjning-och-avfallshantering-av-adf-pa-muc\/","title":{"rendered":"Vilokan ADF Solutions GmbH, start drift av recyclinganl\u00e4ggningen samt ansvar\u00a0f\u00f6r f\u00f6rs\u00f6rjning- och avfallshantering av ADF p\u00e5 MUC\u00a0\u00a0\u00a0"},"content":{"rendered":"\n<p>Vilokans nya tyska dotterbolag,\u00a0<em>Vilokan ADF Solutions GmbH<\/em>, har med start av vinters\u00e4songen 2023-2024 tilldelats driften f\u00f6r recyclinganl\u00e4ggningen f\u00f6r flygplansavisningsv\u00e4tska p\u00e5 M\u00fcnchens flygplats, MUC. Kontraktet innefattar totalansvaret f\u00f6r f\u00f6rs\u00f6rjnings- och avfallshanteringens-logistiken av flygplansavinsningsv\u00e4tskor, ADF, samt driften av recycling- och produktionsanl\u00e4ggningen p\u00e5 MUC. Recyclinganl\u00e4ggningen p\u00e5 M\u00fcnchens flygplats togs i drift direkt vid \u00f6ppnadet av flygplatsen 1992 har sedan dess tillverkat en certificerad Typ I ADF f\u00f6r direkt anv\u00e4ndande p\u00e5 flygplatsen. Anl\u00e4ggningen upparbetar ca. 6.000 \u2013 15.000 m\u00b3 uppsamlad avisningsv\u00e4tska per s\u00e4song och tillverkar ca. 1.500 \u2013 4.500 m\u00b3 \u201dready-to-use ADF Typ I\u201d. Med den h\u00e4r \u201don-site\u201d produktionen t\u00e4cks behovet av ADF Typ I f\u00f6r avisningsbolaget EFM (<a href=\"http:\/\/www.munich-airport.de\/efm\">www.munich-airport.de\/efm<\/a>) med ca. 70%. \u00a0<\/p>\n","protected":false},"excerpt":{"rendered":"<p>Vilokans nya tyska dotterbolag,\u00a0Vilokan ADF Solutions GmbH, har med start av vinters\u00e4songen 2023-2024 tilldelats driften f\u00f6r recyclinganl\u00e4ggningen f\u00f6r flygplansavisningsv\u00e4tska p\u00e5 M\u00fcnchens flygplats, MUC. Kontraktet innefattar totalansvaret f\u00f6r f\u00f6rs\u00f6rjnings- och avfallshanteringens-logistiken av flygplansavinsningsv\u00e4tskor, ADF, samt driften av recycling- och produktionsanl\u00e4ggningen p\u00e5 MUC. Recyclinganl\u00e4ggningen p\u00e5 M\u00fcnchens flygplats togs i drift direkt vid \u00f6ppnadet av flygplatsen 1992 har&#8230;<\/p>\n","protected":false},"author":2,"featured_media":2157,"comment_status":"closed","ping_status":"closed","sticky":false,"template":"","format":"standard","meta":[],"categories":[13],"tags":[],"acf":[],"yoast_head":"<!-- This site is optimized with the Yoast SEO plugin v20.2.1 - https:\/\/yoast.com\/wordpress\/plugins\/seo\/ -->\n<title>Vilokan ADF Solutions GmbH, start drift av recyclinganl\u00e4ggningen samt ansvar\u00a0f\u00f6r f\u00f6rs\u00f6rjning- och avfallshantering av ADF p\u00e5 MUC\u00a0\u00a0\u00a0 - Vilokan ADF<\/title>\n<meta name=\"robots\" content=\"index, follow, max-snippet:-1, max-image-preview:large, max-video-preview:-1\" \/>\n<link rel=\"canonical\" href=\"https:\/\/vilokan.com\/adf\/sv\/vilokan-adf-solutions-gmbh-start-drift-av-recyclinganlaggningen-samt-ansvar-for-forsorjning-och-avfallshantering-av-adf-pa-muc\/\" \/>\n<meta property=\"og:locale\" content=\"sv_SE\" \/>\n<meta property=\"og:type\" content=\"article\" \/>\n<meta property=\"og:title\" content=\"Vilokan ADF Solutions GmbH, start drift av recyclinganl\u00e4ggningen samt ansvar\u00a0f\u00f6r f\u00f6rs\u00f6rjning- och avfallshantering av ADF p\u00e5 MUC\u00a0\u00a0\u00a0 - Vilokan ADF\" \/>\n<meta property=\"og:description\" content=\"Vilokans nya tyska dotterbolag,\u00a0Vilokan ADF Solutions GmbH, har med start av vinters\u00e4songen 2023-2024 tilldelats driften f\u00f6r recyclinganl\u00e4ggningen f\u00f6r flygplansavisningsv\u00e4tska p\u00e5 M\u00fcnchens flygplats, MUC. Kontraktet innefattar totalansvaret f\u00f6r f\u00f6rs\u00f6rjnings- och avfallshanteringens-logistiken av flygplansavinsningsv\u00e4tskor, ADF, samt driften av recycling- och produktionsanl\u00e4ggningen p\u00e5 MUC. Recyclinganl\u00e4ggningen p\u00e5 M\u00fcnchens flygplats togs i drift direkt vid \u00f6ppnadet av flygplatsen 1992 har...\" \/>\n<meta property=\"og:url\" content=\"https:\/\/vilokan.com\/adf\/sv\/vilokan-adf-solutions-gmbh-start-drift-av-recyclinganlaggningen-samt-ansvar-for-forsorjning-och-avfallshantering-av-adf-pa-muc\/\" \/>\n<meta property=\"og:site_name\" content=\"Vilokan ADF\" \/>\n<meta property=\"article:published_time\" content=\"2024-03-06T07:06:41+00:00\" \/>\n<meta property=\"article:modified_time\" content=\"2024-03-06T07:06:44+00:00\" \/>\n<meta property=\"og:image\" content=\"https:\/\/vilokan.com\/adf\/wp-content\/uploads\/sites\/3\/2024\/03\/Avisning_MUC_2024.jpg\" \/>\n\t<meta property=\"og:image:width\" content=\"2016\" \/>\n\t<meta property=\"og:image:height\" content=\"953\" \/>\n\t<meta property=\"og:image:type\" content=\"image\/jpeg\" \/>\n<meta name=\"author\" content=\"madde\" \/>\n<meta name=\"twitter:card\" content=\"summary_large_image\" \/>\n<meta name=\"twitter:label1\" content=\"Written by\" \/>\n\t<meta name=\"twitter:data1\" content=\"madde\" \/>\n\t<meta name=\"twitter:label2\" content=\"Est. reading time\" \/>\n\t<meta name=\"twitter:data2\" content=\"1 minut\" \/>\n<script type=\"application\/ld+json\" class=\"yoast-schema-graph\">{\"@context\":\"https:\/\/schema.org\",\"@graph\":[{\"@type\":\"WebPage\",\"@id\":\"https:\/\/vilokan.com\/adf\/sv\/vilokan-adf-solutions-gmbh-start-drift-av-recyclinganlaggningen-samt-ansvar-for-forsorjning-och-avfallshantering-av-adf-pa-muc\/\",\"url\":\"https:\/\/vilokan.com\/adf\/sv\/vilokan-adf-solutions-gmbh-start-drift-av-recyclinganlaggningen-samt-ansvar-for-forsorjning-och-avfallshantering-av-adf-pa-muc\/\",\"name\":\"Vilokan ADF Solutions GmbH, start drift av recyclinganl\u00e4ggningen samt ansvar\u00a0f\u00f6r f\u00f6rs\u00f6rjning- och avfallshantering av ADF p\u00e5 MUC\u00a0\u00a0\u00a0 - Vilokan ADF\",\"isPartOf\":{\"@id\":\"https:\/\/vilokan.com\/adf\/#website\"},\"datePublished\":\"2024-03-06T07:06:41+00:00\",\"dateModified\":\"2024-03-06T07:06:44+00:00\",\"author\":{\"@id\":\"https:\/\/vilokan.com\/adf\/#\/schema\/person\/768738b8f6c6778c766a4d7012583d38\"},\"breadcrumb\":{\"@id\":\"https:\/\/vilokan.com\/adf\/sv\/vilokan-adf-solutions-gmbh-start-drift-av-recyclinganlaggningen-samt-ansvar-for-forsorjning-och-avfallshantering-av-adf-pa-muc\/#breadcrumb\"},\"inLanguage\":\"sv-SE\",\"potentialAction\":[{\"@type\":\"ReadAction\",\"target\":[\"https:\/\/vilokan.com\/adf\/sv\/vilokan-adf-solutions-gmbh-start-drift-av-recyclinganlaggningen-samt-ansvar-for-forsorjning-och-avfallshantering-av-adf-pa-muc\/\"]}]},{\"@type\":\"BreadcrumbList\",\"@id\":\"https:\/\/vilokan.com\/adf\/sv\/vilokan-adf-solutions-gmbh-start-drift-av-recyclinganlaggningen-samt-ansvar-for-forsorjning-och-avfallshantering-av-adf-pa-muc\/#breadcrumb\",\"itemListElement\":[{\"@type\":\"ListItem\",\"position\":1,\"name\":\"Home\",\"item\":\"https:\/\/vilokan.com\/adf\/sv\/\"},{\"@type\":\"ListItem\",\"position\":2,\"name\":\"Vilokan ADF Solutions GmbH, start drift av recyclinganl\u00e4ggningen samt ansvar\u00a0f\u00f6r f\u00f6rs\u00f6rjning- och avfallshantering av ADF p\u00e5 MUC\u00a0\u00a0\u00a0\"}]},{\"@type\":\"WebSite\",\"@id\":\"https:\/\/vilokan.com\/adf\/#website\",\"url\":\"https:\/\/vilokan.com\/adf\/\",\"name\":\"Vilokan ADF\",\"description\":\"Vilokan ADF Solutions let airports recycle spent ADF to recover glycol and handle by-products in a profitable and environmentally sound way.\",\"potentialAction\":[{\"@type\":\"SearchAction\",\"target\":{\"@type\":\"EntryPoint\",\"urlTemplate\":\"https:\/\/vilokan.com\/adf\/?s={search_term_string}\"},\"query-input\":\"required name=search_term_string\"}],\"inLanguage\":\"sv-SE\"},{\"@type\":\"Person\",\"@id\":\"https:\/\/vilokan.com\/adf\/#\/schema\/person\/768738b8f6c6778c766a4d7012583d38\",\"name\":\"madde\",\"url\":\"https:\/\/vilokan.com\/adf\/sv\/author\/madde\/\"}]}<\/script>\n<!-- \/ Yoast SEO plugin. -->","yoast_head_json":{"title":"Vilokan ADF Solutions GmbH, start drift av recyclinganl\u00e4ggningen samt ansvar\u00a0f\u00f6r f\u00f6rs\u00f6rjning- och avfallshantering av ADF p\u00e5 MUC\u00a0\u00a0\u00a0 - Vilokan ADF","robots":{"index":"index","follow":"follow","max-snippet":"max-snippet:-1","max-image-preview":"max-image-preview:large","max-video-preview":"max-video-preview:-1"},"canonical":"https:\/\/vilokan.com\/adf\/sv\/vilokan-adf-solutions-gmbh-start-drift-av-recyclinganlaggningen-samt-ansvar-for-forsorjning-och-avfallshantering-av-adf-pa-muc\/","og_locale":"sv_SE","og_type":"article","og_title":"Vilokan ADF Solutions GmbH, start drift av recyclinganl\u00e4ggningen samt ansvar\u00a0f\u00f6r f\u00f6rs\u00f6rjning- och avfallshantering av ADF p\u00e5 MUC\u00a0\u00a0\u00a0 - Vilokan ADF","og_description":"Vilokans nya tyska dotterbolag,\u00a0Vilokan ADF Solutions GmbH, har med start av vinters\u00e4songen 2023-2024 tilldelats driften f\u00f6r recyclinganl\u00e4ggningen f\u00f6r flygplansavisningsv\u00e4tska p\u00e5 M\u00fcnchens flygplats, MUC. Kontraktet innefattar totalansvaret f\u00f6r f\u00f6rs\u00f6rjnings- och avfallshanteringens-logistiken av flygplansavinsningsv\u00e4tskor, ADF, samt driften av recycling- och produktionsanl\u00e4ggningen p\u00e5 MUC. Recyclinganl\u00e4ggningen p\u00e5 M\u00fcnchens flygplats togs i drift direkt vid \u00f6ppnadet av flygplatsen 1992 har...","og_url":"https:\/\/vilokan.com\/adf\/sv\/vilokan-adf-solutions-gmbh-start-drift-av-recyclinganlaggningen-samt-ansvar-for-forsorjning-och-avfallshantering-av-adf-pa-muc\/","og_site_name":"Vilokan ADF","article_published_time":"2024-03-06T07:06:41+00:00","article_modified_time":"2024-03-06T07:06:44+00:00","og_image":[{"width":2016,"height":953,"url":"https:\/\/vilokan.com\/adf\/wp-content\/uploads\/sites\/3\/2024\/03\/Avisning_MUC_2024.jpg","type":"image\/jpeg"}],"author":"madde","twitter_card":"summary_large_image","twitter_misc":{"Written by":"madde","Est. reading time":"1 minut"},"schema":{"@context":"https:\/\/schema.org","@graph":[{"@type":"WebPage","@id":"https:\/\/vilokan.com\/adf\/sv\/vilokan-adf-solutions-gmbh-start-drift-av-recyclinganlaggningen-samt-ansvar-for-forsorjning-och-avfallshantering-av-adf-pa-muc\/","url":"https:\/\/vilokan.com\/adf\/sv\/vilokan-adf-solutions-gmbh-start-drift-av-recyclinganlaggningen-samt-ansvar-for-forsorjning-och-avfallshantering-av-adf-pa-muc\/","name":"Vilokan ADF Solutions GmbH, start drift av recyclinganl\u00e4ggningen samt ansvar\u00a0f\u00f6r f\u00f6rs\u00f6rjning- och avfallshantering av ADF p\u00e5 MUC\u00a0\u00a0\u00a0 - Vilokan ADF","isPartOf":{"@id":"https:\/\/vilokan.com\/adf\/#website"},"datePublished":"2024-03-06T07:06:41+00:00","dateModified":"2024-03-06T07:06:44+00:00","author":{"@id":"https:\/\/vilokan.com\/adf\/#\/schema\/person\/768738b8f6c6778c766a4d7012583d38"},"breadcrumb":{"@id":"https:\/\/vilokan.com\/adf\/sv\/vilokan-adf-solutions-gmbh-start-drift-av-recyclinganlaggningen-samt-ansvar-for-forsorjning-och-avfallshantering-av-adf-pa-muc\/#breadcrumb"},"inLanguage":"sv-SE","potentialAction":[{"@type":"ReadAction","target":["https:\/\/vilokan.com\/adf\/sv\/vilokan-adf-solutions-gmbh-start-drift-av-recyclinganlaggningen-samt-ansvar-for-forsorjning-och-avfallshantering-av-adf-pa-muc\/"]}]},{"@type":"BreadcrumbList","@id":"https:\/\/vilokan.com\/adf\/sv\/vilokan-adf-solutions-gmbh-start-drift-av-recyclinganlaggningen-samt-ansvar-for-forsorjning-och-avfallshantering-av-adf-pa-muc\/#breadcrumb","itemListElement":[{"@type":"ListItem","position":1,"name":"Home","item":"https:\/\/vilokan.com\/adf\/sv\/"},{"@type":"ListItem","position":2,"name":"Vilokan ADF Solutions GmbH, start drift av recyclinganl\u00e4ggningen samt ansvar\u00a0f\u00f6r f\u00f6rs\u00f6rjning- och avfallshantering av ADF p\u00e5 MUC\u00a0\u00a0\u00a0"}]},{"@type":"WebSite","@id":"https:\/\/vilokan.com\/adf\/#website","url":"https:\/\/vilokan.com\/adf\/","name":"Vilokan ADF","description":"Vilokan ADF Solutions let airports recycle spent ADF to recover glycol and handle by-products in a profitable and environmentally sound way.","potentialAction":[{"@type":"SearchAction","target":{"@type":"EntryPoint","urlTemplate":"https:\/\/vilokan.com\/adf\/?s={search_term_string}"},"query-input":"required name=search_term_string"}],"inLanguage":"sv-SE"},{"@type":"Person","@id":"https:\/\/vilokan.com\/adf\/#\/schema\/person\/768738b8f6c6778c766a4d7012583d38","name":"madde","url":"https:\/\/vilokan.com\/adf\/sv\/author\/madde\/"}]}},"_links":{"self":[{"href":"https:\/\/vilokan.com\/adf\/sv\/wp-json\/wp\/v2\/posts\/2159"}],"collection":[{"href":"https:\/\/vilokan.com\/adf\/sv\/wp-json\/wp\/v2\/posts"}],"about":[{"href":"https:\/\/vilokan.com\/adf\/sv\/wp-json\/wp\/v2\/types\/post"}],"author":[{"embeddable":true,"href":"https:\/\/vilokan.com\/adf\/sv\/wp-json\/wp\/v2\/users\/2"}],"replies":[{"embeddable":true,"href":"https:\/\/vilokan.com\/adf\/sv\/wp-json\/wp\/v2\/comments?post=2159"}],"version-history":[{"count":1,"href":"https:\/\/vilokan.com\/adf\/sv\/wp-json\/wp\/v2\/posts\/2159\/revisions"}],"predecessor-version":[{"id":2160,"href":"https:\/\/vilokan.com\/adf\/sv\/wp-json\/wp\/v2\/posts\/2159\/revisions\/2160"}],"wp:featuredmedia":[{"embeddable":true,"href":"https:\/\/vilokan.com\/adf\/sv\/wp-json\/wp\/v2\/media\/2157"}],"wp:attachment":[{"href":"https:\/\/vilokan.com\/adf\/sv\/wp-json\/wp\/v2\/media?parent=2159"}],"wp:term":[{"taxonomy":"category","embeddable":true,"href":"https:\/\/vilokan.com\/adf\/sv\/wp-json\/wp\/v2\/categories?post=2159"},{"taxonomy":"post_tag","embeddable":true,"href":"https:\/\/vilokan.com\/adf\/sv\/wp-json\/wp\/v2\/tags?post=2159"}],"curies":[{"name":"wp","href":"https:\/\/api.w.org\/{rel}","templated":true}]}}