{"id":1817,"date":"2019-10-30T12:56:05","date_gmt":"2019-10-30T12:56:05","guid":{"rendered":"https:\/\/vilokanadf.com\/?p=1817"},"modified":"2019-10-30T13:15:13","modified_gmt":"2019-10-30T13:15:13","slug":"lars-rosell-vd-vilokan-adf-solutions-ar-nominerad-till-arets-entreprenor","status":"publish","type":"post","link":"https:\/\/vilokan.com\/adf\/sv\/lars-rosell-vd-vilokan-adf-solutions-ar-nominerad-till-arets-entreprenor\/","title":{"rendered":"Lars Rosell, VD Vilokan ADF Solutions \u00e4r nominerad till \u00e5rets entrepren\u00f6r&#8230;"},"content":{"rendered":"<p>Ernst &amp; Young utser \u00e5rets mest framg\u00e5ngsrika entrepren\u00f6r i v\u00e4rlden, <a href=\"https:\/\/www.ey.com\/se\/sv\/about-us\/entrepreneurship\/entrepreneur-of-the-year\/eoy\">EY Entrepreneur Of The Year<\/a> och\u00a0Lars Rosell, grundare och del\u00e4gare av Vilokan Group \u00e4r en av 10 kandidater i regionsfinalen i V\u00e4stsverige. Lars Rosell \u00e4r VD f\u00f6r Vilokan ADF Solutions och styrelseordf\u00f6rande i Vilokan-koncernen. Regionfinalen f\u00f6r V\u00e4stsverige arrangeras den 5 november.<\/p>\n<p><em>\u2013 Bara att bli nominerad till det h\u00e4r prestigefulla priset tillsammans med flera andra duktiga entrepren\u00f6rer i regionen \u00e4r ju en vinst i sig, att dessutom nu vara en av tio kandidater som \u00e4r kvar, det \u00e4r stort. \u00c4ven om det \u00e4r jag som st\u00e5r som nominerad \u00e4r jag naturligtvis inte ensam i detta arbete. Utan alla kollegor och medarbetare inom Vilokan Gruop hade jag inte st\u00e5tt h\u00e4r och s\u00e5klart hoppas jag att v\u00e5ra samlade anstr\u00e4ngningar tar oss vidare till den nationella finalen i n\u00e4sta steg,<\/em> s\u00e4ger Lars.\u00a0<a href=\"https:\/\/vilokanadf.com\/wp-content\/uploads\/2019\/10\/Pressmeddelande_\u00c5rets-entreprenad_20191030.pdf\">L\u00e4s mer h\u00e4r.<\/a><\/p>\n","protected":false},"excerpt":{"rendered":"<p>Ernst &amp; Young utser \u00e5rets mest framg\u00e5ngsrika entrepren\u00f6r i v\u00e4rlden, EY Entrepreneur Of The Year och\u00a0Lars Rosell, grundare och del\u00e4gare av Vilokan Group \u00e4r en av 10 kandidater i regionsfinalen i V\u00e4stsverige. Lars Rosell \u00e4r VD f\u00f6r Vilokan ADF Solutions och styrelseordf\u00f6rande i Vilokan-koncernen. Regionfinalen f\u00f6r V\u00e4stsverige arrangeras den 5 november. \u2013 Bara att bli&#8230;<\/p>\n","protected":false},"author":6,"featured_media":1815,"comment_status":"closed","ping_status":"closed","sticky":false,"template":"","format":"standard","meta":[],"categories":[13,14],"tags":[],"acf":[],"yoast_head":"<!-- This site is optimized with the Yoast SEO plugin v20.2.1 - https:\/\/yoast.com\/wordpress\/plugins\/seo\/ -->\n<title>Lars Rosell, VD Vilokan ADF Solutions \u00e4r nominerad till \u00e5rets entrepren\u00f6r... - Vilokan ADF<\/title>\n<meta name=\"robots\" content=\"index, follow, max-snippet:-1, max-image-preview:large, max-video-preview:-1\" \/>\n<link rel=\"canonical\" href=\"https:\/\/vilokan.com\/adf\/sv\/lars-rosell-vd-vilokan-adf-solutions-ar-nominerad-till-arets-entreprenor\/\" \/>\n<meta property=\"og:locale\" content=\"sv_SE\" \/>\n<meta property=\"og:type\" content=\"article\" \/>\n<meta property=\"og:title\" content=\"Lars Rosell, VD Vilokan ADF Solutions \u00e4r nominerad till \u00e5rets entrepren\u00f6r... - Vilokan ADF\" \/>\n<meta property=\"og:description\" content=\"Ernst &amp; Young utser \u00e5rets mest framg\u00e5ngsrika entrepren\u00f6r i v\u00e4rlden, EY Entrepreneur Of The Year och\u00a0Lars Rosell, grundare och del\u00e4gare av Vilokan Group \u00e4r en av 10 kandidater i regionsfinalen i V\u00e4stsverige. Lars Rosell \u00e4r VD f\u00f6r Vilokan ADF Solutions och styrelseordf\u00f6rande i Vilokan-koncernen. Regionfinalen f\u00f6r V\u00e4stsverige arrangeras den 5 november. \u2013 Bara att bli...\" \/>\n<meta property=\"og:url\" content=\"https:\/\/vilokan.com\/adf\/sv\/lars-rosell-vd-vilokan-adf-solutions-ar-nominerad-till-arets-entreprenor\/\" \/>\n<meta property=\"og:site_name\" content=\"Vilokan ADF\" \/>\n<meta property=\"article:published_time\" content=\"2019-10-30T12:56:05+00:00\" \/>\n<meta property=\"article:modified_time\" content=\"2019-10-30T13:15:13+00:00\" \/>\n<meta property=\"og:image\" content=\"https:\/\/aromdekor.fra1.digitaloceanspaces.com\/vilokan\/public\/sites\/3\/2019\/10\/EY-Entrepreneur-Of-The-Year..jpg\" \/>\n\t<meta property=\"og:image:width\" content=\"800\" \/>\n\t<meta property=\"og:image:height\" content=\"511\" \/>\n\t<meta property=\"og:image:type\" content=\"image\/jpeg\" \/>\n<meta name=\"twitter:card\" content=\"summary_large_image\" \/>\n<meta name=\"twitter:label1\" content=\"Written by\" \/>\n\t<meta name=\"twitter:data1\" content=\"\" \/>\n\t<meta name=\"twitter:label2\" content=\"Est. reading time\" \/>\n\t<meta name=\"twitter:data2\" content=\"1 minut\" \/>\n<script type=\"application\/ld+json\" class=\"yoast-schema-graph\">{\"@context\":\"https:\/\/schema.org\",\"@graph\":[{\"@type\":\"WebPage\",\"@id\":\"https:\/\/vilokan.com\/adf\/sv\/lars-rosell-vd-vilokan-adf-solutions-ar-nominerad-till-arets-entreprenor\/\",\"url\":\"https:\/\/vilokan.com\/adf\/sv\/lars-rosell-vd-vilokan-adf-solutions-ar-nominerad-till-arets-entreprenor\/\",\"name\":\"Lars Rosell, VD Vilokan ADF Solutions \u00e4r nominerad till \u00e5rets entrepren\u00f6r... - Vilokan ADF\",\"isPartOf\":{\"@id\":\"https:\/\/vilokan.com\/adf\/#website\"},\"datePublished\":\"2019-10-30T12:56:05+00:00\",\"dateModified\":\"2019-10-30T13:15:13+00:00\",\"author\":{\"@id\":\"\"},\"breadcrumb\":{\"@id\":\"https:\/\/vilokan.com\/adf\/sv\/lars-rosell-vd-vilokan-adf-solutions-ar-nominerad-till-arets-entreprenor\/#breadcrumb\"},\"inLanguage\":\"sv-SE\",\"potentialAction\":[{\"@type\":\"ReadAction\",\"target\":[\"https:\/\/vilokan.com\/adf\/sv\/lars-rosell-vd-vilokan-adf-solutions-ar-nominerad-till-arets-entreprenor\/\"]}]},{\"@type\":\"BreadcrumbList\",\"@id\":\"https:\/\/vilokan.com\/adf\/sv\/lars-rosell-vd-vilokan-adf-solutions-ar-nominerad-till-arets-entreprenor\/#breadcrumb\",\"itemListElement\":[{\"@type\":\"ListItem\",\"position\":1,\"name\":\"Home\",\"item\":\"https:\/\/vilokan.com\/adf\/sv\/\"},{\"@type\":\"ListItem\",\"position\":2,\"name\":\"Lars Rosell, VD Vilokan ADF Solutions \u00e4r nominerad till \u00e5rets entrepren\u00f6r&#8230;\"}]},{\"@type\":\"WebSite\",\"@id\":\"https:\/\/vilokan.com\/adf\/#website\",\"url\":\"https:\/\/vilokan.com\/adf\/\",\"name\":\"Vilokan ADF\",\"description\":\"Vilokan ADF Solutions let airports recycle spent ADF to recover glycol and handle by-products in a profitable and environmentally sound way.\",\"potentialAction\":[{\"@type\":\"SearchAction\",\"target\":{\"@type\":\"EntryPoint\",\"urlTemplate\":\"https:\/\/vilokan.com\/adf\/?s={search_term_string}\"},\"query-input\":\"required name=search_term_string\"}],\"inLanguage\":\"sv-SE\"},{\"@type\":\"Person\",\"@id\":\"\",\"url\":\"https:\/\/vilokan.com\/adf\/sv\/author\/\"}]}<\/script>\n<!-- \/ Yoast SEO plugin. -->","yoast_head_json":{"title":"Lars Rosell, VD Vilokan ADF Solutions \u00e4r nominerad till \u00e5rets entrepren\u00f6r... - Vilokan ADF","robots":{"index":"index","follow":"follow","max-snippet":"max-snippet:-1","max-image-preview":"max-image-preview:large","max-video-preview":"max-video-preview:-1"},"canonical":"https:\/\/vilokan.com\/adf\/sv\/lars-rosell-vd-vilokan-adf-solutions-ar-nominerad-till-arets-entreprenor\/","og_locale":"sv_SE","og_type":"article","og_title":"Lars Rosell, VD Vilokan ADF Solutions \u00e4r nominerad till \u00e5rets entrepren\u00f6r... - Vilokan ADF","og_description":"Ernst &amp; Young utser \u00e5rets mest framg\u00e5ngsrika entrepren\u00f6r i v\u00e4rlden, EY Entrepreneur Of The Year och\u00a0Lars Rosell, grundare och del\u00e4gare av Vilokan Group \u00e4r en av 10 kandidater i regionsfinalen i V\u00e4stsverige. Lars Rosell \u00e4r VD f\u00f6r Vilokan ADF Solutions och styrelseordf\u00f6rande i Vilokan-koncernen. Regionfinalen f\u00f6r V\u00e4stsverige arrangeras den 5 november. \u2013 Bara att bli...","og_url":"https:\/\/vilokan.com\/adf\/sv\/lars-rosell-vd-vilokan-adf-solutions-ar-nominerad-till-arets-entreprenor\/","og_site_name":"Vilokan ADF","article_published_time":"2019-10-30T12:56:05+00:00","article_modified_time":"2019-10-30T13:15:13+00:00","og_image":[{"width":800,"height":511,"url":"https:\/\/aromdekor.fra1.digitaloceanspaces.com\/vilokan\/public\/sites\/3\/2019\/10\/EY-Entrepreneur-Of-The-Year..jpg","type":"image\/jpeg"}],"twitter_card":"summary_large_image","twitter_misc":{"Written by":"","Est. reading time":"1 minut"},"schema":{"@context":"https:\/\/schema.org","@graph":[{"@type":"WebPage","@id":"https:\/\/vilokan.com\/adf\/sv\/lars-rosell-vd-vilokan-adf-solutions-ar-nominerad-till-arets-entreprenor\/","url":"https:\/\/vilokan.com\/adf\/sv\/lars-rosell-vd-vilokan-adf-solutions-ar-nominerad-till-arets-entreprenor\/","name":"Lars Rosell, VD Vilokan ADF Solutions \u00e4r nominerad till \u00e5rets entrepren\u00f6r... - Vilokan ADF","isPartOf":{"@id":"https:\/\/vilokan.com\/adf\/#website"},"datePublished":"2019-10-30T12:56:05+00:00","dateModified":"2019-10-30T13:15:13+00:00","author":{"@id":""},"breadcrumb":{"@id":"https:\/\/vilokan.com\/adf\/sv\/lars-rosell-vd-vilokan-adf-solutions-ar-nominerad-till-arets-entreprenor\/#breadcrumb"},"inLanguage":"sv-SE","potentialAction":[{"@type":"ReadAction","target":["https:\/\/vilokan.com\/adf\/sv\/lars-rosell-vd-vilokan-adf-solutions-ar-nominerad-till-arets-entreprenor\/"]}]},{"@type":"BreadcrumbList","@id":"https:\/\/vilokan.com\/adf\/sv\/lars-rosell-vd-vilokan-adf-solutions-ar-nominerad-till-arets-entreprenor\/#breadcrumb","itemListElement":[{"@type":"ListItem","position":1,"name":"Home","item":"https:\/\/vilokan.com\/adf\/sv\/"},{"@type":"ListItem","position":2,"name":"Lars Rosell, VD Vilokan ADF Solutions \u00e4r nominerad till \u00e5rets entrepren\u00f6r&#8230;"}]},{"@type":"WebSite","@id":"https:\/\/vilokan.com\/adf\/#website","url":"https:\/\/vilokan.com\/adf\/","name":"Vilokan ADF","description":"Vilokan ADF Solutions let airports recycle spent ADF to recover glycol and handle by-products in a profitable and environmentally sound way.","potentialAction":[{"@type":"SearchAction","target":{"@type":"EntryPoint","urlTemplate":"https:\/\/vilokan.com\/adf\/?s={search_term_string}"},"query-input":"required name=search_term_string"}],"inLanguage":"sv-SE"},{"@type":"Person","@id":"","url":"https:\/\/vilokan.com\/adf\/sv\/author\/"}]}},"_links":{"self":[{"href":"https:\/\/vilokan.com\/adf\/sv\/wp-json\/wp\/v2\/posts\/1817"}],"collection":[{"href":"https:\/\/vilokan.com\/adf\/sv\/wp-json\/wp\/v2\/posts"}],"about":[{"href":"https:\/\/vilokan.com\/adf\/sv\/wp-json\/wp\/v2\/types\/post"}],"author":[{"embeddable":true,"href":"https:\/\/vilokan.com\/adf\/sv\/wp-json\/wp\/v2\/users\/6"}],"replies":[{"embeddable":true,"href":"https:\/\/vilokan.com\/adf\/sv\/wp-json\/wp\/v2\/comments?post=1817"}],"version-history":[{"count":4,"href":"https:\/\/vilokan.com\/adf\/sv\/wp-json\/wp\/v2\/posts\/1817\/revisions"}],"predecessor-version":[{"id":1821,"href":"https:\/\/vilokan.com\/adf\/sv\/wp-json\/wp\/v2\/posts\/1817\/revisions\/1821"}],"wp:featuredmedia":[{"embeddable":true,"href":"https:\/\/vilokan.com\/adf\/sv\/wp-json\/wp\/v2\/media\/1815"}],"wp:attachment":[{"href":"https:\/\/vilokan.com\/adf\/sv\/wp-json\/wp\/v2\/media?parent=1817"}],"wp:term":[{"taxonomy":"category","embeddable":true,"href":"https:\/\/vilokan.com\/adf\/sv\/wp-json\/wp\/v2\/categories?post=1817"},{"taxonomy":"post_tag","embeddable":true,"href":"https:\/\/vilokan.com\/adf\/sv\/wp-json\/wp\/v2\/tags?post=1817"}],"curies":[{"name":"wp","href":"https:\/\/api.w.org\/{rel}","templated":true}]}}