{"id":1777,"date":"2019-07-12T12:17:33","date_gmt":"2019-07-12T12:17:33","guid":{"rendered":"https:\/\/vilokanadf.com\/?p=1777"},"modified":"2019-08-07T12:25:48","modified_gmt":"2019-08-07T12:25:48","slug":"easyjet-winter-readiness-conference-den-10-juli-2019","status":"publish","type":"post","link":"https:\/\/vilokan.com\/adf\/sv\/easyjet-winter-readiness-conference-den-10-juli-2019\/","title":{"rendered":"Easyjet Winter Readiness Conference den 10 juli 2019"},"content":{"rendered":"<p>Vid \u00e5rets <em><i>Easyjet Winter Readiness Conference<\/i><\/em> den 10 juli 2019 i Duxford GB, deltog Vilokan ADF Solutions som sponsor och utst\u00e4llare.<\/p>\n<p>Konferensens huvudm\u00e5l \u00e4r att vara en plattform f\u00f6r utbyte av kunskap och erfarenhet f\u00f6r att minimera effekterna av vinterns p\u00e5verkan p\u00e5 flygtrafiken.<\/p>\n<p>Stor fokus lades p\u00e5 s\u00e4kerheten runt vinterdriften och att minimera milj\u00f6p\u00e5verkan av avisningsverksamheten. Konferensen var v\u00e4l bes\u00f6kt med deltagare och utst\u00e4llare fr\u00e5n bla. USA, Canada och Europa.<\/p>\n<p><a href=\"https:\/\/vilokanadf.com\/wp-content\/uploads\/2019\/08\/2019-Winter-Conference-Brochure_2019.pdf\">L\u00e4s mer om\u00a0Easyjet Winter Readiness Conference.<\/a><\/p>\n<p><img decoding=\"async\" loading=\"lazy\" class=\"alignnone size-medium wp-image-1778\" src=\"https:\/\/vilokanadf.com\/wp-content\/uploads\/2019\/08\/Easyjet-Winter-Readiness-Conference-2019-Vilokan-booth_web-174x300.jpg\" alt=\"\" width=\"174\" height=\"300\" srcset=\"https:\/\/vilokan.com\/adf\/wp-content\/uploads\/sites\/3\/2019\/08\/Easyjet-Winter-Readiness-Conference-2019-Vilokan-booth_web-174x300.jpg 174w, https:\/\/vilokan.com\/adf\/wp-content\/uploads\/sites\/3\/2019\/08\/Easyjet-Winter-Readiness-Conference-2019-Vilokan-booth_web.jpg 421w\" sizes=\"(max-width: 174px) 100vw, 174px\" \/><\/p>\n<p>Vilokan ADF Solutions, sponsor och utst\u00e4llare.<\/p>\n<p><img decoding=\"async\" loading=\"lazy\" class=\"alignnone size-medium wp-image-1782\" src=\"https:\/\/vilokanadf.com\/wp-content\/uploads\/2019\/08\/Easyjet-Winter-Readiness-Conference-2019_webb-300x190.jpg\" alt=\"\" width=\"300\" height=\"190\" srcset=\"https:\/\/vilokan.com\/adf\/wp-content\/uploads\/sites\/3\/2019\/08\/Easyjet-Winter-Readiness-Conference-2019_webb-300x190.jpg 300w, https:\/\/vilokan.com\/adf\/wp-content\/uploads\/sites\/3\/2019\/08\/Easyjet-Winter-Readiness-Conference-2019_webb-768x486.jpg 768w, https:\/\/vilokan.com\/adf\/wp-content\/uploads\/sites\/3\/2019\/08\/Easyjet-Winter-Readiness-Conference-2019_webb.jpg 1000w\" sizes=\"(max-width: 300px) 100vw, 300px\" \/><\/p>\n<p>Som ramprogram kunde deltagarna \u00e4ven bes\u00f6ka <em><i>Imperial War Museum Duxford<\/i><\/em> samt titta p\u00e5 flygf\u00f6rberedelserna inf\u00f6r \u201e<em><i>The Flying Legends Air Show 2019<\/i><\/em>\u201c.<\/p>\n","protected":false},"excerpt":{"rendered":"<p>Vid \u00e5rets Easyjet Winter Readiness Conference den 10 juli 2019 i Duxford GB, deltog Vilokan ADF Solutions som sponsor och utst\u00e4llare. Konferensens huvudm\u00e5l \u00e4r att vara en plattform f\u00f6r utbyte av kunskap och erfarenhet f\u00f6r att minimera effekterna av vinterns p\u00e5verkan p\u00e5 flygtrafiken. Stor fokus lades p\u00e5 s\u00e4kerheten runt vinterdriften och att minimera milj\u00f6p\u00e5verkan av&#8230;<\/p>\n","protected":false},"author":6,"featured_media":1780,"comment_status":"closed","ping_status":"closed","sticky":false,"template":"","format":"standard","meta":[],"categories":[13],"tags":[],"acf":[],"yoast_head":"<!-- This site is optimized with the Yoast SEO plugin v20.2.1 - https:\/\/yoast.com\/wordpress\/plugins\/seo\/ -->\n<title>Easyjet Winter Readiness Conference den 10 juli 2019 - Vilokan ADF<\/title>\n<meta name=\"robots\" content=\"index, follow, max-snippet:-1, max-image-preview:large, max-video-preview:-1\" \/>\n<link rel=\"canonical\" href=\"https:\/\/vilokan.com\/adf\/sv\/easyjet-winter-readiness-conference-den-10-juli-2019\/\" \/>\n<meta property=\"og:locale\" content=\"sv_SE\" \/>\n<meta property=\"og:type\" content=\"article\" \/>\n<meta property=\"og:title\" content=\"Easyjet Winter Readiness Conference den 10 juli 2019 - Vilokan ADF\" \/>\n<meta property=\"og:description\" content=\"Vid \u00e5rets Easyjet Winter Readiness Conference den 10 juli 2019 i Duxford GB, deltog Vilokan ADF Solutions som sponsor och utst\u00e4llare. Konferensens huvudm\u00e5l \u00e4r att vara en plattform f\u00f6r utbyte av kunskap och erfarenhet f\u00f6r att minimera effekterna av vinterns p\u00e5verkan p\u00e5 flygtrafiken. Stor fokus lades p\u00e5 s\u00e4kerheten runt vinterdriften och att minimera milj\u00f6p\u00e5verkan av...\" \/>\n<meta property=\"og:url\" content=\"https:\/\/vilokan.com\/adf\/sv\/easyjet-winter-readiness-conference-den-10-juli-2019\/\" \/>\n<meta property=\"og:site_name\" content=\"Vilokan ADF\" \/>\n<meta property=\"article:published_time\" content=\"2019-07-12T12:17:33+00:00\" \/>\n<meta property=\"article:modified_time\" content=\"2019-08-07T12:25:48+00:00\" \/>\n<meta property=\"og:image\" content=\"https:\/\/aromdekor.fra1.digitaloceanspaces.com\/vilokan\/public\/sites\/3\/2019\/08\/Easyjet-Winter-Readiness-Conference-2019_web.jpg\" \/>\n\t<meta property=\"og:image:width\" content=\"1024\" \/>\n\t<meta property=\"og:image:height\" content=\"556\" \/>\n\t<meta property=\"og:image:type\" content=\"image\/jpeg\" \/>\n<meta name=\"twitter:card\" content=\"summary_large_image\" \/>\n<meta name=\"twitter:label1\" content=\"Written by\" \/>\n\t<meta name=\"twitter:data1\" content=\"\" \/>\n\t<meta name=\"twitter:label2\" content=\"Est. reading time\" \/>\n\t<meta name=\"twitter:data2\" content=\"1 minut\" \/>\n<script type=\"application\/ld+json\" class=\"yoast-schema-graph\">{\"@context\":\"https:\/\/schema.org\",\"@graph\":[{\"@type\":\"WebPage\",\"@id\":\"https:\/\/vilokan.com\/adf\/sv\/easyjet-winter-readiness-conference-den-10-juli-2019\/\",\"url\":\"https:\/\/vilokan.com\/adf\/sv\/easyjet-winter-readiness-conference-den-10-juli-2019\/\",\"name\":\"Easyjet Winter Readiness Conference den 10 juli 2019 - Vilokan ADF\",\"isPartOf\":{\"@id\":\"https:\/\/vilokan.com\/adf\/#website\"},\"datePublished\":\"2019-07-12T12:17:33+00:00\",\"dateModified\":\"2019-08-07T12:25:48+00:00\",\"author\":{\"@id\":\"\"},\"breadcrumb\":{\"@id\":\"https:\/\/vilokan.com\/adf\/sv\/easyjet-winter-readiness-conference-den-10-juli-2019\/#breadcrumb\"},\"inLanguage\":\"sv-SE\",\"potentialAction\":[{\"@type\":\"ReadAction\",\"target\":[\"https:\/\/vilokan.com\/adf\/sv\/easyjet-winter-readiness-conference-den-10-juli-2019\/\"]}]},{\"@type\":\"BreadcrumbList\",\"@id\":\"https:\/\/vilokan.com\/adf\/sv\/easyjet-winter-readiness-conference-den-10-juli-2019\/#breadcrumb\",\"itemListElement\":[{\"@type\":\"ListItem\",\"position\":1,\"name\":\"Home\",\"item\":\"https:\/\/vilokan.com\/adf\/sv\/\"},{\"@type\":\"ListItem\",\"position\":2,\"name\":\"Easyjet Winter Readiness Conference den 10 juli 2019\"}]},{\"@type\":\"WebSite\",\"@id\":\"https:\/\/vilokan.com\/adf\/#website\",\"url\":\"https:\/\/vilokan.com\/adf\/\",\"name\":\"Vilokan ADF\",\"description\":\"Vilokan ADF Solutions let airports recycle spent ADF to recover glycol and handle by-products in a profitable and environmentally sound way.\",\"potentialAction\":[{\"@type\":\"SearchAction\",\"target\":{\"@type\":\"EntryPoint\",\"urlTemplate\":\"https:\/\/vilokan.com\/adf\/?s={search_term_string}\"},\"query-input\":\"required name=search_term_string\"}],\"inLanguage\":\"sv-SE\"},{\"@type\":\"Person\",\"@id\":\"\",\"url\":\"https:\/\/vilokan.com\/adf\/sv\/author\/\"}]}<\/script>\n<!-- \/ Yoast SEO plugin. -->","yoast_head_json":{"title":"Easyjet Winter Readiness Conference den 10 juli 2019 - Vilokan ADF","robots":{"index":"index","follow":"follow","max-snippet":"max-snippet:-1","max-image-preview":"max-image-preview:large","max-video-preview":"max-video-preview:-1"},"canonical":"https:\/\/vilokan.com\/adf\/sv\/easyjet-winter-readiness-conference-den-10-juli-2019\/","og_locale":"sv_SE","og_type":"article","og_title":"Easyjet Winter Readiness Conference den 10 juli 2019 - Vilokan ADF","og_description":"Vid \u00e5rets Easyjet Winter Readiness Conference den 10 juli 2019 i Duxford GB, deltog Vilokan ADF Solutions som sponsor och utst\u00e4llare. Konferensens huvudm\u00e5l \u00e4r att vara en plattform f\u00f6r utbyte av kunskap och erfarenhet f\u00f6r att minimera effekterna av vinterns p\u00e5verkan p\u00e5 flygtrafiken. Stor fokus lades p\u00e5 s\u00e4kerheten runt vinterdriften och att minimera milj\u00f6p\u00e5verkan av...","og_url":"https:\/\/vilokan.com\/adf\/sv\/easyjet-winter-readiness-conference-den-10-juli-2019\/","og_site_name":"Vilokan ADF","article_published_time":"2019-07-12T12:17:33+00:00","article_modified_time":"2019-08-07T12:25:48+00:00","og_image":[{"width":1024,"height":556,"url":"https:\/\/aromdekor.fra1.digitaloceanspaces.com\/vilokan\/public\/sites\/3\/2019\/08\/Easyjet-Winter-Readiness-Conference-2019_web.jpg","type":"image\/jpeg"}],"twitter_card":"summary_large_image","twitter_misc":{"Written by":"","Est. reading time":"1 minut"},"schema":{"@context":"https:\/\/schema.org","@graph":[{"@type":"WebPage","@id":"https:\/\/vilokan.com\/adf\/sv\/easyjet-winter-readiness-conference-den-10-juli-2019\/","url":"https:\/\/vilokan.com\/adf\/sv\/easyjet-winter-readiness-conference-den-10-juli-2019\/","name":"Easyjet Winter Readiness Conference den 10 juli 2019 - Vilokan ADF","isPartOf":{"@id":"https:\/\/vilokan.com\/adf\/#website"},"datePublished":"2019-07-12T12:17:33+00:00","dateModified":"2019-08-07T12:25:48+00:00","author":{"@id":""},"breadcrumb":{"@id":"https:\/\/vilokan.com\/adf\/sv\/easyjet-winter-readiness-conference-den-10-juli-2019\/#breadcrumb"},"inLanguage":"sv-SE","potentialAction":[{"@type":"ReadAction","target":["https:\/\/vilokan.com\/adf\/sv\/easyjet-winter-readiness-conference-den-10-juli-2019\/"]}]},{"@type":"BreadcrumbList","@id":"https:\/\/vilokan.com\/adf\/sv\/easyjet-winter-readiness-conference-den-10-juli-2019\/#breadcrumb","itemListElement":[{"@type":"ListItem","position":1,"name":"Home","item":"https:\/\/vilokan.com\/adf\/sv\/"},{"@type":"ListItem","position":2,"name":"Easyjet Winter Readiness Conference den 10 juli 2019"}]},{"@type":"WebSite","@id":"https:\/\/vilokan.com\/adf\/#website","url":"https:\/\/vilokan.com\/adf\/","name":"Vilokan ADF","description":"Vilokan ADF Solutions let airports recycle spent ADF to recover glycol and handle by-products in a profitable and environmentally sound way.","potentialAction":[{"@type":"SearchAction","target":{"@type":"EntryPoint","urlTemplate":"https:\/\/vilokan.com\/adf\/?s={search_term_string}"},"query-input":"required name=search_term_string"}],"inLanguage":"sv-SE"},{"@type":"Person","@id":"","url":"https:\/\/vilokan.com\/adf\/sv\/author\/"}]}},"_links":{"self":[{"href":"https:\/\/vilokan.com\/adf\/sv\/wp-json\/wp\/v2\/posts\/1777"}],"collection":[{"href":"https:\/\/vilokan.com\/adf\/sv\/wp-json\/wp\/v2\/posts"}],"about":[{"href":"https:\/\/vilokan.com\/adf\/sv\/wp-json\/wp\/v2\/types\/post"}],"author":[{"embeddable":true,"href":"https:\/\/vilokan.com\/adf\/sv\/wp-json\/wp\/v2\/users\/6"}],"replies":[{"embeddable":true,"href":"https:\/\/vilokan.com\/adf\/sv\/wp-json\/wp\/v2\/comments?post=1777"}],"version-history":[{"count":6,"href":"https:\/\/vilokan.com\/adf\/sv\/wp-json\/wp\/v2\/posts\/1777\/revisions"}],"predecessor-version":[{"id":1795,"href":"https:\/\/vilokan.com\/adf\/sv\/wp-json\/wp\/v2\/posts\/1777\/revisions\/1795"}],"wp:featuredmedia":[{"embeddable":true,"href":"https:\/\/vilokan.com\/adf\/sv\/wp-json\/wp\/v2\/media\/1780"}],"wp:attachment":[{"href":"https:\/\/vilokan.com\/adf\/sv\/wp-json\/wp\/v2\/media?parent=1777"}],"wp:term":[{"taxonomy":"category","embeddable":true,"href":"https:\/\/vilokan.com\/adf\/sv\/wp-json\/wp\/v2\/categories?post=1777"},{"taxonomy":"post_tag","embeddable":true,"href":"https:\/\/vilokan.com\/adf\/sv\/wp-json\/wp\/v2\/tags?post=1777"}],"curies":[{"name":"wp","href":"https:\/\/api.w.org\/{rel}","templated":true}]}}