{"id":1766,"date":"2019-05-27T09:02:09","date_gmt":"2019-05-27T09:02:09","guid":{"rendered":"https:\/\/vilokanadf.com\/?p=1766"},"modified":"2019-05-27T09:02:09","modified_gmt":"2019-05-27T09:02:09","slug":"10-juli-finns-vilokan-pa-plats-pa-easyjet-winter-readiness-conference","status":"publish","type":"post","link":"https:\/\/vilokan.com\/adf\/sv\/10-juli-finns-vilokan-pa-plats-pa-easyjet-winter-readiness-conference\/","title":{"rendered":"10 juli finns Vilokan p\u00e5 plats p\u00e5 easyJet Winter Readiness Conference"},"content":{"rendered":"<p>10 juli \u00e4r det \u00e5ter dax (f\u00f6r \u00e5ttonde g\u00e5ngen) att tillsammans med m\u00e5nga olika akt\u00f6rer i de-icing-branchen att tr\u00e4ffas p\u00e5\u00a0<a href=\"http:\/\/www.easyjetwinter.com\/index.php\">easyJet Winter Readiness Conference<\/a> f\u00f6r att diskutera utveckling och utbyta erfarenheter. Vilokan finns p\u00e5 plats f\u00f6r att <span class=\"tlid-translation translation\" lang=\"sv\">dela\u00a0<\/span><span class=\"tlid-translation translation\" lang=\"sv\">med sig av sina kunskaper och erfarenheter.<\/span><\/p>\n","protected":false},"excerpt":{"rendered":"<p>10 juli \u00e4r det \u00e5ter dax (f\u00f6r \u00e5ttonde g\u00e5ngen) att tillsammans med m\u00e5nga olika akt\u00f6rer i de-icing-branchen att tr\u00e4ffas p\u00e5\u00a0easyJet Winter Readiness Conference f\u00f6r att diskutera utveckling och utbyta erfarenheter. Vilokan finns p\u00e5 plats f\u00f6r att dela\u00a0med sig av sina kunskaper och erfarenheter.<\/p>\n","protected":false},"author":6,"featured_media":1767,"comment_status":"closed","ping_status":"closed","sticky":false,"template":"","format":"standard","meta":[],"categories":[13],"tags":[],"acf":[],"yoast_head":"<!-- This site is optimized with the Yoast SEO plugin v20.2.1 - https:\/\/yoast.com\/wordpress\/plugins\/seo\/ -->\n<title>10 juli finns Vilokan p\u00e5 plats p\u00e5 easyJet Winter Readiness Conference - Vilokan ADF<\/title>\n<meta name=\"robots\" content=\"index, follow, max-snippet:-1, max-image-preview:large, max-video-preview:-1\" \/>\n<link rel=\"canonical\" href=\"https:\/\/vilokan.com\/adf\/sv\/10-juli-finns-vilokan-pa-plats-pa-easyjet-winter-readiness-conference\/\" \/>\n<meta property=\"og:locale\" content=\"sv_SE\" \/>\n<meta property=\"og:type\" content=\"article\" \/>\n<meta property=\"og:title\" content=\"10 juli finns Vilokan p\u00e5 plats p\u00e5 easyJet Winter Readiness Conference - Vilokan ADF\" \/>\n<meta property=\"og:description\" content=\"10 juli \u00e4r det \u00e5ter dax (f\u00f6r \u00e5ttonde g\u00e5ngen) att tillsammans med m\u00e5nga olika akt\u00f6rer i de-icing-branchen att tr\u00e4ffas p\u00e5\u00a0easyJet Winter Readiness Conference f\u00f6r att diskutera utveckling och utbyta erfarenheter. Vilokan finns p\u00e5 plats f\u00f6r att dela\u00a0med sig av sina kunskaper och erfarenheter.\" \/>\n<meta property=\"og:url\" content=\"https:\/\/vilokan.com\/adf\/sv\/10-juli-finns-vilokan-pa-plats-pa-easyjet-winter-readiness-conference\/\" \/>\n<meta property=\"og:site_name\" content=\"Vilokan ADF\" \/>\n<meta property=\"article:published_time\" content=\"2019-05-27T09:02:09+00:00\" \/>\n<meta property=\"og:image\" content=\"https:\/\/aromdekor.fra1.digitaloceanspaces.com\/vilokan\/public\/sites\/3\/2019\/05\/EasyJet_2019.jpg\" \/>\n\t<meta property=\"og:image:width\" content=\"2164\" \/>\n\t<meta property=\"og:image:height\" content=\"209\" \/>\n\t<meta property=\"og:image:type\" content=\"image\/jpeg\" \/>\n<meta name=\"twitter:card\" content=\"summary_large_image\" \/>\n<meta name=\"twitter:label1\" content=\"Written by\" \/>\n\t<meta name=\"twitter:data1\" content=\"\" \/>\n<script type=\"application\/ld+json\" class=\"yoast-schema-graph\">{\"@context\":\"https:\/\/schema.org\",\"@graph\":[{\"@type\":\"WebPage\",\"@id\":\"https:\/\/vilokan.com\/adf\/sv\/10-juli-finns-vilokan-pa-plats-pa-easyjet-winter-readiness-conference\/\",\"url\":\"https:\/\/vilokan.com\/adf\/sv\/10-juli-finns-vilokan-pa-plats-pa-easyjet-winter-readiness-conference\/\",\"name\":\"10 juli finns Vilokan p\u00e5 plats p\u00e5 easyJet Winter Readiness Conference - Vilokan ADF\",\"isPartOf\":{\"@id\":\"https:\/\/vilokan.com\/adf\/#website\"},\"datePublished\":\"2019-05-27T09:02:09+00:00\",\"dateModified\":\"2019-05-27T09:02:09+00:00\",\"author\":{\"@id\":\"\"},\"breadcrumb\":{\"@id\":\"https:\/\/vilokan.com\/adf\/sv\/10-juli-finns-vilokan-pa-plats-pa-easyjet-winter-readiness-conference\/#breadcrumb\"},\"inLanguage\":\"sv-SE\",\"potentialAction\":[{\"@type\":\"ReadAction\",\"target\":[\"https:\/\/vilokan.com\/adf\/sv\/10-juli-finns-vilokan-pa-plats-pa-easyjet-winter-readiness-conference\/\"]}]},{\"@type\":\"BreadcrumbList\",\"@id\":\"https:\/\/vilokan.com\/adf\/sv\/10-juli-finns-vilokan-pa-plats-pa-easyjet-winter-readiness-conference\/#breadcrumb\",\"itemListElement\":[{\"@type\":\"ListItem\",\"position\":1,\"name\":\"Home\",\"item\":\"https:\/\/vilokan.com\/adf\/sv\/\"},{\"@type\":\"ListItem\",\"position\":2,\"name\":\"10 juli finns Vilokan p\u00e5 plats p\u00e5 easyJet Winter Readiness Conference\"}]},{\"@type\":\"WebSite\",\"@id\":\"https:\/\/vilokan.com\/adf\/#website\",\"url\":\"https:\/\/vilokan.com\/adf\/\",\"name\":\"Vilokan ADF\",\"description\":\"Vilokan ADF Solutions let airports recycle spent ADF to recover glycol and handle by-products in a profitable and environmentally sound way.\",\"potentialAction\":[{\"@type\":\"SearchAction\",\"target\":{\"@type\":\"EntryPoint\",\"urlTemplate\":\"https:\/\/vilokan.com\/adf\/?s={search_term_string}\"},\"query-input\":\"required name=search_term_string\"}],\"inLanguage\":\"sv-SE\"},{\"@type\":\"Person\",\"@id\":\"\",\"url\":\"https:\/\/vilokan.com\/adf\/sv\/author\/\"}]}<\/script>\n<!-- \/ Yoast SEO plugin. -->","yoast_head_json":{"title":"10 juli finns Vilokan p\u00e5 plats p\u00e5 easyJet Winter Readiness Conference - Vilokan ADF","robots":{"index":"index","follow":"follow","max-snippet":"max-snippet:-1","max-image-preview":"max-image-preview:large","max-video-preview":"max-video-preview:-1"},"canonical":"https:\/\/vilokan.com\/adf\/sv\/10-juli-finns-vilokan-pa-plats-pa-easyjet-winter-readiness-conference\/","og_locale":"sv_SE","og_type":"article","og_title":"10 juli finns Vilokan p\u00e5 plats p\u00e5 easyJet Winter Readiness Conference - Vilokan ADF","og_description":"10 juli \u00e4r det \u00e5ter dax (f\u00f6r \u00e5ttonde g\u00e5ngen) att tillsammans med m\u00e5nga olika akt\u00f6rer i de-icing-branchen att tr\u00e4ffas p\u00e5\u00a0easyJet Winter Readiness Conference f\u00f6r att diskutera utveckling och utbyta erfarenheter. Vilokan finns p\u00e5 plats f\u00f6r att dela\u00a0med sig av sina kunskaper och erfarenheter.","og_url":"https:\/\/vilokan.com\/adf\/sv\/10-juli-finns-vilokan-pa-plats-pa-easyjet-winter-readiness-conference\/","og_site_name":"Vilokan ADF","article_published_time":"2019-05-27T09:02:09+00:00","og_image":[{"width":2164,"height":209,"url":"https:\/\/aromdekor.fra1.digitaloceanspaces.com\/vilokan\/public\/sites\/3\/2019\/05\/EasyJet_2019.jpg","type":"image\/jpeg"}],"twitter_card":"summary_large_image","twitter_misc":{"Written by":""},"schema":{"@context":"https:\/\/schema.org","@graph":[{"@type":"WebPage","@id":"https:\/\/vilokan.com\/adf\/sv\/10-juli-finns-vilokan-pa-plats-pa-easyjet-winter-readiness-conference\/","url":"https:\/\/vilokan.com\/adf\/sv\/10-juli-finns-vilokan-pa-plats-pa-easyjet-winter-readiness-conference\/","name":"10 juli finns Vilokan p\u00e5 plats p\u00e5 easyJet Winter Readiness Conference - Vilokan ADF","isPartOf":{"@id":"https:\/\/vilokan.com\/adf\/#website"},"datePublished":"2019-05-27T09:02:09+00:00","dateModified":"2019-05-27T09:02:09+00:00","author":{"@id":""},"breadcrumb":{"@id":"https:\/\/vilokan.com\/adf\/sv\/10-juli-finns-vilokan-pa-plats-pa-easyjet-winter-readiness-conference\/#breadcrumb"},"inLanguage":"sv-SE","potentialAction":[{"@type":"ReadAction","target":["https:\/\/vilokan.com\/adf\/sv\/10-juli-finns-vilokan-pa-plats-pa-easyjet-winter-readiness-conference\/"]}]},{"@type":"BreadcrumbList","@id":"https:\/\/vilokan.com\/adf\/sv\/10-juli-finns-vilokan-pa-plats-pa-easyjet-winter-readiness-conference\/#breadcrumb","itemListElement":[{"@type":"ListItem","position":1,"name":"Home","item":"https:\/\/vilokan.com\/adf\/sv\/"},{"@type":"ListItem","position":2,"name":"10 juli finns Vilokan p\u00e5 plats p\u00e5 easyJet Winter Readiness Conference"}]},{"@type":"WebSite","@id":"https:\/\/vilokan.com\/adf\/#website","url":"https:\/\/vilokan.com\/adf\/","name":"Vilokan ADF","description":"Vilokan ADF Solutions let airports recycle spent ADF to recover glycol and handle by-products in a profitable and environmentally sound way.","potentialAction":[{"@type":"SearchAction","target":{"@type":"EntryPoint","urlTemplate":"https:\/\/vilokan.com\/adf\/?s={search_term_string}"},"query-input":"required name=search_term_string"}],"inLanguage":"sv-SE"},{"@type":"Person","@id":"","url":"https:\/\/vilokan.com\/adf\/sv\/author\/"}]}},"_links":{"self":[{"href":"https:\/\/vilokan.com\/adf\/sv\/wp-json\/wp\/v2\/posts\/1766"}],"collection":[{"href":"https:\/\/vilokan.com\/adf\/sv\/wp-json\/wp\/v2\/posts"}],"about":[{"href":"https:\/\/vilokan.com\/adf\/sv\/wp-json\/wp\/v2\/types\/post"}],"author":[{"embeddable":true,"href":"https:\/\/vilokan.com\/adf\/sv\/wp-json\/wp\/v2\/users\/6"}],"replies":[{"embeddable":true,"href":"https:\/\/vilokan.com\/adf\/sv\/wp-json\/wp\/v2\/comments?post=1766"}],"version-history":[{"count":3,"href":"https:\/\/vilokan.com\/adf\/sv\/wp-json\/wp\/v2\/posts\/1766\/revisions"}],"predecessor-version":[{"id":1773,"href":"https:\/\/vilokan.com\/adf\/sv\/wp-json\/wp\/v2\/posts\/1766\/revisions\/1773"}],"wp:featuredmedia":[{"embeddable":true,"href":"https:\/\/vilokan.com\/adf\/sv\/wp-json\/wp\/v2\/media\/1767"}],"wp:attachment":[{"href":"https:\/\/vilokan.com\/adf\/sv\/wp-json\/wp\/v2\/media?parent=1766"}],"wp:term":[{"taxonomy":"category","embeddable":true,"href":"https:\/\/vilokan.com\/adf\/sv\/wp-json\/wp\/v2\/categories?post=1766"},{"taxonomy":"post_tag","embeddable":true,"href":"https:\/\/vilokan.com\/adf\/sv\/wp-json\/wp\/v2\/tags?post=1766"}],"curies":[{"name":"wp","href":"https:\/\/api.w.org\/{rel}","templated":true}]}}