{"id":1702,"date":"2018-10-01T14:05:18","date_gmt":"2018-10-01T14:05:18","guid":{"rendered":"http:\/\/vilokanadf.com\/?p=1702"},"modified":"2018-10-04T13:17:02","modified_gmt":"2018-10-04T13:17:02","slug":"torsdag-27-9-var-det-antligen-dax-att-klippa-bandet-for-arlandanlaggningen","status":"publish","type":"post","link":"https:\/\/vilokan.com\/adf\/sv\/torsdag-27-9-var-det-antligen-dax-att-klippa-bandet-for-arlandanlaggningen\/","title":{"rendered":"Torsdag 27\/9 var det \u00e4ntligen dax att klippa bandet f\u00f6r Arlandanl\u00e4ggningen!"},"content":{"rendered":"<p>Dagen gick inte bara i gl\u00e4djens tecken med r\u00f6da mattan utrullad utan inneh\u00f6ll ocks\u00e5 en utbildningsdel d\u00e4r drygt 60 personer fick ta del av en f\u00f6rdjupad genomg\u00e5ng av alla tekniska delar i anl\u00e4ggningen. Det bj\u00f6ds \u00e4ven p\u00e5 rundtur, mat och mingel. Sj\u00e4lva invigningsklippet och tal stod Arlandas flygplatsdirekt\u00f6r Peder Grunditz f\u00f6r. <span class=\"Apple-converted-space\">\u00a0<\/span><\/p>\n<p>Bland bes\u00f6karna fanns representanter fr\u00e5n m\u00e5nga olika f\u00f6retag och l\u00e4nder p\u00e5 plats. Vi tr\u00e4ffade bl a Yannick Vos fr\u00e5n Schipol (Amsterdams flygplats), representanter fr\u00e5n S\u00e4lens flygplats och Hasan Cavit fr\u00e5n Istanbuls flygplats som alla var v\u00e4ldigt nyfikan p\u00e5 Arlandanl\u00e4ggningen.<\/p>\n<p>P\u00e5 plats fanns ocks\u00e5 Anette Ferm, vars roll i projektet varit som projektledare med uppdrag att f\u00f6rs\u00f6ka f\u00e5 fram en kretsloppsl\u00f6sning av glykolhantering som \u00e4r milj\u00f6m\u00e4ssigt och ekonomiskt h\u00e5llbar f\u00f6r Swedavia som helhet. Vi passade p\u00e5 att f\u00e5 en pratstund med Anette. <em>Jag ser med stort intresse fram emot att f\u00f6lja produktionen i den nya glykol\u00e5tervinningsanl\u00e4ggningen efter flera \u00e5rs f\u00f6rberedelser. Det har varit en l\u00e5ng v\u00e4g men nu \u00e4ntligen \u00e4r den p\u00e5 plats och det \u00e4r v\u00e4ldigt speciellt f\u00f6r oss som jobbat med det h\u00e4r i m\u00e5nga \u00e5r.<\/em><\/p>\n<p><em>F\u00f6rv\u00e4ntningarna fr\u00e5n Swedavia \u00e4r stora n\u00e4r det g\u00e4ller kapacitet och tillg\u00e4nglighet i anl\u00e4ggningen, men det kommer \u00e4ven bli intressant att f\u00f6lja logistiken fr\u00e5n alla Swedavias flygplatser. Jag ser med sp\u00e4nning fram emot kommande vinter. Presentationerna som gjordes vid eventet f\u00f6rra veckan var tekniska p\u00e5 en bra niv\u00e5 s\u00e5 alla som var en del av invigningen kunde f\u00f6lja med i processen,<\/em> avslutar Anette.<\/p>\n<p><em>Det \u00e4r en milstolpe f\u00f6r hela koncernen att den nya anl\u00e4ggningen p\u00e5 Arlanda nu \u00e4r i drift,<\/em> s\u00e4ger Lars Rosell, styrelseordf\u00f6rande f\u00f6r Vilokan-koncernen och vd f\u00f6r Vilokan ADF Solutions. Vilokan har avtal med Swedavia om att uppf\u00f6ra 10 anl\u00e4ggningar p\u00e5 flygplatser runt om i Sverige.<span class=\"Apple-converted-space\">\u00a0 <\/span>P\u00e5 flygplatserna i Lule\u00e5 och G\u00f6teborg \u00e4r anl\u00e4ggningarna redan p\u00e5 plats<span class=\"Apple-converted-space\">\u00a0 <\/span>och i fullt bruk sedan flera \u00e5r tillbaka. Vilokan har \u00e4ven uppf\u00f6rt en anl\u00e4ggning i Montreal och anl\u00e4ggningen p\u00e5 Arlanda \u00e4r en kopia av den.<\/p>\n<p><img decoding=\"async\" loading=\"lazy\" class=\"alignnone size-medium wp-image-1714\" src=\"https:\/\/vilokanadf.com\/wp-content\/uploads\/2018\/10\/Lars_Pedere_Johan-300x200.jpg\" alt=\"\" width=\"300\" height=\"200\" srcset=\"https:\/\/vilokan.com\/adf\/wp-content\/uploads\/sites\/3\/2018\/10\/Lars_Pedere_Johan-300x200.jpg 300w, https:\/\/vilokan.com\/adf\/wp-content\/uploads\/sites\/3\/2018\/10\/Lars_Pedere_Johan-768x512.jpg 768w, https:\/\/vilokan.com\/adf\/wp-content\/uploads\/sites\/3\/2018\/10\/Lars_Pedere_Johan-1024x683.jpg 1024w, https:\/\/vilokan.com\/adf\/wp-content\/uploads\/sites\/3\/2018\/10\/Lars_Pedere_Johan.jpg 1800w\" sizes=\"(max-width: 300px) 100vw, 300px\" \/>\u00a0 \u00a0 \u00a0\u00a0 <img decoding=\"async\" loading=\"lazy\" class=\"alignnone size-medium wp-image-1718\" src=\"https:\/\/vilokanadf.com\/wp-content\/uploads\/2018\/10\/Hus_r\u00f6dmatta-300x200.jpg\" alt=\"\" width=\"300\" height=\"200\" srcset=\"https:\/\/vilokan.com\/adf\/wp-content\/uploads\/sites\/3\/2018\/10\/Hus_r\u00f6dmatta-300x200.jpg 300w, https:\/\/vilokan.com\/adf\/wp-content\/uploads\/sites\/3\/2018\/10\/Hus_r\u00f6dmatta-768x512.jpg 768w, https:\/\/vilokan.com\/adf\/wp-content\/uploads\/sites\/3\/2018\/10\/Hus_r\u00f6dmatta-1024x683.jpg 1024w, https:\/\/vilokan.com\/adf\/wp-content\/uploads\/sites\/3\/2018\/10\/Hus_r\u00f6dmatta.jpg 1800w\" sizes=\"(max-width: 300px) 100vw, 300px\" \/><\/p>\n<p>Lars Rosell, Peder\u00a0Grunditz och Johan Brandberg.\u00a0Anl\u00e4ggningen p\u00e5 Arlanda.<\/p>\n<p><img decoding=\"async\" loading=\"lazy\" class=\"alignnone size-medium wp-image-1711\" src=\"https:\/\/vilokanadf.com\/wp-content\/uploads\/2018\/10\/Kalle_Axel_r\u00f6d_matta-1-300x200.jpg\" alt=\"\" width=\"300\" height=\"200\" srcset=\"https:\/\/vilokan.com\/adf\/wp-content\/uploads\/sites\/3\/2018\/10\/Kalle_Axel_r\u00f6d_matta-1-300x200.jpg 300w, https:\/\/vilokan.com\/adf\/wp-content\/uploads\/sites\/3\/2018\/10\/Kalle_Axel_r\u00f6d_matta-1-768x512.jpg 768w, https:\/\/vilokan.com\/adf\/wp-content\/uploads\/sites\/3\/2018\/10\/Kalle_Axel_r\u00f6d_matta-1-1024x683.jpg 1024w, https:\/\/vilokan.com\/adf\/wp-content\/uploads\/sites\/3\/2018\/10\/Kalle_Axel_r\u00f6d_matta-1.jpg 1800w\" sizes=\"(max-width: 300px) 100vw, 300px\" \/>\u00a0 \u00a0 \u00a0\u00a0<img decoding=\"async\" loading=\"lazy\" class=\"alignnone size-medium wp-image-1716\" src=\"https:\/\/vilokanadf.com\/wp-content\/uploads\/2018\/10\/F\u00f6rel\u00e4sning_1-300x200.jpg\" alt=\"\" width=\"300\" height=\"200\" srcset=\"https:\/\/vilokan.com\/adf\/wp-content\/uploads\/sites\/3\/2018\/10\/F\u00f6rel\u00e4sning_1-300x200.jpg 300w, https:\/\/vilokan.com\/adf\/wp-content\/uploads\/sites\/3\/2018\/10\/F\u00f6rel\u00e4sning_1-768x512.jpg 768w, https:\/\/vilokan.com\/adf\/wp-content\/uploads\/sites\/3\/2018\/10\/F\u00f6rel\u00e4sning_1-1024x683.jpg 1024w, https:\/\/vilokan.com\/adf\/wp-content\/uploads\/sites\/3\/2018\/10\/F\u00f6rel\u00e4sning_1.jpg 1800w\" sizes=\"(max-width: 300px) 100vw, 300px\" \/><\/p>\n<p>Karl-Henrik J\u00f6nsson, Alexander Karlsson. Karl-Henrik J\u00f6nsson h\u00e5ller f\u00f6redrag.<\/p>\n<p><img decoding=\"async\" loading=\"lazy\" class=\"alignnone size-medium wp-image-1723\" src=\"https:\/\/vilokanadf.com\/wp-content\/uploads\/2018\/10\/Bubbel-300x200.jpg\" alt=\"\" width=\"300\" height=\"200\" srcset=\"https:\/\/vilokan.com\/adf\/wp-content\/uploads\/sites\/3\/2018\/10\/Bubbel-300x200.jpg 300w, https:\/\/vilokan.com\/adf\/wp-content\/uploads\/sites\/3\/2018\/10\/Bubbel-768x512.jpg 768w, https:\/\/vilokan.com\/adf\/wp-content\/uploads\/sites\/3\/2018\/10\/Bubbel-1024x683.jpg 1024w, https:\/\/vilokan.com\/adf\/wp-content\/uploads\/sites\/3\/2018\/10\/Bubbel.jpg 1800w\" sizes=\"(max-width: 300px) 100vw, 300px\" \/>\u00a0 \u00a0 \u00a0\u00a0<img decoding=\"async\" loading=\"lazy\" class=\"alignnone size-medium wp-image-1720\" src=\"https:\/\/vilokanadf.com\/wp-content\/uploads\/2018\/10\/Mat-300x200.jpg\" alt=\"\" width=\"300\" height=\"200\" srcset=\"https:\/\/vilokan.com\/adf\/wp-content\/uploads\/sites\/3\/2018\/10\/Mat-300x200.jpg 300w, https:\/\/vilokan.com\/adf\/wp-content\/uploads\/sites\/3\/2018\/10\/Mat-768x512.jpg 768w, https:\/\/vilokan.com\/adf\/wp-content\/uploads\/sites\/3\/2018\/10\/Mat-1024x683.jpg 1024w, https:\/\/vilokan.com\/adf\/wp-content\/uploads\/sites\/3\/2018\/10\/Mat.jpg 1800w\" sizes=\"(max-width: 300px) 100vw, 300px\" \/><\/p>\n<p>Bubbel. Mingel &amp; mat.<\/p>\n<p><img decoding=\"async\" loading=\"lazy\" class=\"alignnone size-medium wp-image-1740\" src=\"https:\/\/vilokanadf.com\/wp-content\/uploads\/2018\/10\/Bild_film-300x146.jpg\" alt=\"\" width=\"300\" height=\"146\" srcset=\"https:\/\/vilokan.com\/adf\/wp-content\/uploads\/sites\/3\/2018\/10\/Bild_film-300x146.jpg 300w, https:\/\/vilokan.com\/adf\/wp-content\/uploads\/sites\/3\/2018\/10\/Bild_film-768x374.jpg 768w, https:\/\/vilokan.com\/adf\/wp-content\/uploads\/sites\/3\/2018\/10\/Bild_film-1024x499.jpg 1024w\" sizes=\"(max-width: 300px) 100vw, 300px\" \/><\/p>\n<p><a href=\"https:\/\/www.youtube.com\/watch?v=RR7mBI08USU&amp;feature=youtu.be\">Se mer.<\/a><\/p>\n<p><b>\u2013\u2013\u2013\u2013\u2013\u2013\u2013\u2013\u2013\u2013\u2013\u2013\u2013\u2013\u2013\u2013\u2013\u2013\u2013\u2013\u2013\u2013\u2013\u2013\u2013\u2013\u2013\u2013\u2013\u2013\u2013\u2013\u2013\u2013\u2013\u2013\u2013\u2013\u2013\u2013\u2013\u2013\u2013\u2013\u2013\u2013\u2013\u2013\u2013\u2013\u2013\u2013\u2013\u2013\u2013\u2013\u2013\u2013\u2013\u2013\u2013\u2013\u2013\u2013\u2013\u2013\u2013\u2013\u2013\u2013\u2013\u2013\u2013\u2013\u2013\u2013\u2013\u2013\u2013\u2013\u2013\u2013\u2013\u2013\u2013\u2013\u2013\u2013\u2013\u2013\u2013\u2013\u2013\u2013\u2013\u2013\u2013\u2013\u2013\u2013\u2013\u2013\u2013\u2013\u2013\u2013<br \/>\nFakta om Arlanda flygplats<\/b><br \/>\nMed mer \u00e4n 26 miljoner passagerare och drygt 230 000 starter och landningar per \u00e5r \u00e4r Arlanda Sveriges st\u00f6rsta flygplats. Flygplatsen klarar maximalt av 80 starter\/landningar per timme. Swedavia agerar \u00e4n en g\u00e5ng pionj\u00e4rer n\u00e4r man l\u00e5ter ADF Vilokan Solutions ansvara f\u00f6r en totall\u00f6sning av den toppmoderna glykol\u00e5tervinnings-anl\u00e4ggningen som sattes i drift september 2018 p\u00e5 Stockholm Arlanda Flygplats (ARN). Vilokan st\u00e5r f\u00f6r allt fr\u00e5n finansiering och planering till uppf\u00f6rande och kontinuerlig drift.<span class=\"Apple-converted-space\">\u00a0<\/span><\/p>\n<p>&nbsp;<\/p>\n","protected":false},"excerpt":{"rendered":"<p>Dagen gick inte bara i gl\u00e4djens tecken med r\u00f6da mattan utrullad utan inneh\u00f6ll ocks\u00e5 en utbildningsdel d\u00e4r drygt 60 personer fick ta del av en f\u00f6rdjupad genomg\u00e5ng av alla tekniska delar i anl\u00e4ggningen. Det bj\u00f6ds \u00e4ven p\u00e5 rundtur, mat och mingel. Sj\u00e4lva invigningsklippet och tal stod Arlandas flygplatsdirekt\u00f6r Peder Grunditz f\u00f6r. \u00a0 Bland bes\u00f6karna fanns&#8230;<\/p>\n","protected":false},"author":6,"featured_media":1703,"comment_status":"closed","ping_status":"closed","sticky":false,"template":"","format":"standard","meta":[],"categories":[13],"tags":[],"acf":[],"yoast_head":"<!-- This site is optimized with the Yoast SEO plugin v20.2.1 - https:\/\/yoast.com\/wordpress\/plugins\/seo\/ -->\n<title>Torsdag 27\/9 var det \u00e4ntligen dax att klippa bandet f\u00f6r Arlandanl\u00e4ggningen! - Vilokan ADF<\/title>\n<meta name=\"robots\" content=\"index, follow, max-snippet:-1, max-image-preview:large, max-video-preview:-1\" \/>\n<link rel=\"canonical\" href=\"https:\/\/vilokan.com\/adf\/sv\/torsdag-27-9-var-det-antligen-dax-att-klippa-bandet-for-arlandanlaggningen\/\" \/>\n<meta property=\"og:locale\" content=\"sv_SE\" \/>\n<meta property=\"og:type\" content=\"article\" \/>\n<meta property=\"og:title\" content=\"Torsdag 27\/9 var det \u00e4ntligen dax att klippa bandet f\u00f6r Arlandanl\u00e4ggningen! - Vilokan ADF\" \/>\n<meta property=\"og:description\" content=\"Dagen gick inte bara i gl\u00e4djens tecken med r\u00f6da mattan utrullad utan inneh\u00f6ll ocks\u00e5 en utbildningsdel d\u00e4r drygt 60 personer fick ta del av en f\u00f6rdjupad genomg\u00e5ng av alla tekniska delar i anl\u00e4ggningen. Det bj\u00f6ds \u00e4ven p\u00e5 rundtur, mat och mingel. Sj\u00e4lva invigningsklippet och tal stod Arlandas flygplatsdirekt\u00f6r Peder Grunditz f\u00f6r. \u00a0 Bland bes\u00f6karna fanns...\" \/>\n<meta property=\"og:url\" content=\"https:\/\/vilokan.com\/adf\/sv\/torsdag-27-9-var-det-antligen-dax-att-klippa-bandet-for-arlandanlaggningen\/\" \/>\n<meta property=\"og:site_name\" content=\"Vilokan ADF\" \/>\n<meta property=\"article:published_time\" content=\"2018-10-01T14:05:18+00:00\" \/>\n<meta property=\"article:modified_time\" content=\"2018-10-04T13:17:02+00:00\" \/>\n<meta property=\"og:image\" content=\"https:\/\/aromdekor.fra1.digitaloceanspaces.com\/vilokan\/public\/sites\/3\/2018\/10\/Vilokan-ADF-Solutions_Arlanda_20180927_Klippet.jpg\" \/>\n\t<meta property=\"og:image:width\" content=\"3712\" \/>\n\t<meta property=\"og:image:height\" content=\"2197\" \/>\n\t<meta property=\"og:image:type\" content=\"image\/jpeg\" \/>\n<meta name=\"twitter:card\" content=\"summary_large_image\" \/>\n<meta name=\"twitter:label1\" content=\"Written by\" \/>\n\t<meta name=\"twitter:data1\" content=\"\" \/>\n\t<meta name=\"twitter:label2\" content=\"Est. reading time\" \/>\n\t<meta name=\"twitter:data2\" content=\"2 minuter\" \/>\n<script type=\"application\/ld+json\" class=\"yoast-schema-graph\">{\"@context\":\"https:\/\/schema.org\",\"@graph\":[{\"@type\":\"WebPage\",\"@id\":\"https:\/\/vilokan.com\/adf\/sv\/torsdag-27-9-var-det-antligen-dax-att-klippa-bandet-for-arlandanlaggningen\/\",\"url\":\"https:\/\/vilokan.com\/adf\/sv\/torsdag-27-9-var-det-antligen-dax-att-klippa-bandet-for-arlandanlaggningen\/\",\"name\":\"Torsdag 27\/9 var det \u00e4ntligen dax att klippa bandet f\u00f6r Arlandanl\u00e4ggningen! - Vilokan ADF\",\"isPartOf\":{\"@id\":\"https:\/\/vilokan.com\/adf\/#website\"},\"datePublished\":\"2018-10-01T14:05:18+00:00\",\"dateModified\":\"2018-10-04T13:17:02+00:00\",\"author\":{\"@id\":\"\"},\"breadcrumb\":{\"@id\":\"https:\/\/vilokan.com\/adf\/sv\/torsdag-27-9-var-det-antligen-dax-att-klippa-bandet-for-arlandanlaggningen\/#breadcrumb\"},\"inLanguage\":\"sv-SE\",\"potentialAction\":[{\"@type\":\"ReadAction\",\"target\":[\"https:\/\/vilokan.com\/adf\/sv\/torsdag-27-9-var-det-antligen-dax-att-klippa-bandet-for-arlandanlaggningen\/\"]}]},{\"@type\":\"BreadcrumbList\",\"@id\":\"https:\/\/vilokan.com\/adf\/sv\/torsdag-27-9-var-det-antligen-dax-att-klippa-bandet-for-arlandanlaggningen\/#breadcrumb\",\"itemListElement\":[{\"@type\":\"ListItem\",\"position\":1,\"name\":\"Home\",\"item\":\"https:\/\/vilokan.com\/adf\/sv\/\"},{\"@type\":\"ListItem\",\"position\":2,\"name\":\"Torsdag 27\/9 var det \u00e4ntligen dax att klippa bandet f\u00f6r Arlandanl\u00e4ggningen!\"}]},{\"@type\":\"WebSite\",\"@id\":\"https:\/\/vilokan.com\/adf\/#website\",\"url\":\"https:\/\/vilokan.com\/adf\/\",\"name\":\"Vilokan ADF\",\"description\":\"Vilokan ADF Solutions let airports recycle spent ADF to recover glycol and handle by-products in a profitable and environmentally sound way.\",\"potentialAction\":[{\"@type\":\"SearchAction\",\"target\":{\"@type\":\"EntryPoint\",\"urlTemplate\":\"https:\/\/vilokan.com\/adf\/?s={search_term_string}\"},\"query-input\":\"required name=search_term_string\"}],\"inLanguage\":\"sv-SE\"},{\"@type\":\"Person\",\"@id\":\"\",\"url\":\"https:\/\/vilokan.com\/adf\/sv\/author\/\"}]}<\/script>\n<!-- \/ Yoast SEO plugin. -->","yoast_head_json":{"title":"Torsdag 27\/9 var det \u00e4ntligen dax att klippa bandet f\u00f6r Arlandanl\u00e4ggningen! - Vilokan ADF","robots":{"index":"index","follow":"follow","max-snippet":"max-snippet:-1","max-image-preview":"max-image-preview:large","max-video-preview":"max-video-preview:-1"},"canonical":"https:\/\/vilokan.com\/adf\/sv\/torsdag-27-9-var-det-antligen-dax-att-klippa-bandet-for-arlandanlaggningen\/","og_locale":"sv_SE","og_type":"article","og_title":"Torsdag 27\/9 var det \u00e4ntligen dax att klippa bandet f\u00f6r Arlandanl\u00e4ggningen! - Vilokan ADF","og_description":"Dagen gick inte bara i gl\u00e4djens tecken med r\u00f6da mattan utrullad utan inneh\u00f6ll ocks\u00e5 en utbildningsdel d\u00e4r drygt 60 personer fick ta del av en f\u00f6rdjupad genomg\u00e5ng av alla tekniska delar i anl\u00e4ggningen. Det bj\u00f6ds \u00e4ven p\u00e5 rundtur, mat och mingel. Sj\u00e4lva invigningsklippet och tal stod Arlandas flygplatsdirekt\u00f6r Peder Grunditz f\u00f6r. \u00a0 Bland bes\u00f6karna fanns...","og_url":"https:\/\/vilokan.com\/adf\/sv\/torsdag-27-9-var-det-antligen-dax-att-klippa-bandet-for-arlandanlaggningen\/","og_site_name":"Vilokan ADF","article_published_time":"2018-10-01T14:05:18+00:00","article_modified_time":"2018-10-04T13:17:02+00:00","og_image":[{"width":3712,"height":2197,"url":"https:\/\/aromdekor.fra1.digitaloceanspaces.com\/vilokan\/public\/sites\/3\/2018\/10\/Vilokan-ADF-Solutions_Arlanda_20180927_Klippet.jpg","type":"image\/jpeg"}],"twitter_card":"summary_large_image","twitter_misc":{"Written by":"","Est. reading time":"2 minuter"},"schema":{"@context":"https:\/\/schema.org","@graph":[{"@type":"WebPage","@id":"https:\/\/vilokan.com\/adf\/sv\/torsdag-27-9-var-det-antligen-dax-att-klippa-bandet-for-arlandanlaggningen\/","url":"https:\/\/vilokan.com\/adf\/sv\/torsdag-27-9-var-det-antligen-dax-att-klippa-bandet-for-arlandanlaggningen\/","name":"Torsdag 27\/9 var det \u00e4ntligen dax att klippa bandet f\u00f6r Arlandanl\u00e4ggningen! - Vilokan ADF","isPartOf":{"@id":"https:\/\/vilokan.com\/adf\/#website"},"datePublished":"2018-10-01T14:05:18+00:00","dateModified":"2018-10-04T13:17:02+00:00","author":{"@id":""},"breadcrumb":{"@id":"https:\/\/vilokan.com\/adf\/sv\/torsdag-27-9-var-det-antligen-dax-att-klippa-bandet-for-arlandanlaggningen\/#breadcrumb"},"inLanguage":"sv-SE","potentialAction":[{"@type":"ReadAction","target":["https:\/\/vilokan.com\/adf\/sv\/torsdag-27-9-var-det-antligen-dax-att-klippa-bandet-for-arlandanlaggningen\/"]}]},{"@type":"BreadcrumbList","@id":"https:\/\/vilokan.com\/adf\/sv\/torsdag-27-9-var-det-antligen-dax-att-klippa-bandet-for-arlandanlaggningen\/#breadcrumb","itemListElement":[{"@type":"ListItem","position":1,"name":"Home","item":"https:\/\/vilokan.com\/adf\/sv\/"},{"@type":"ListItem","position":2,"name":"Torsdag 27\/9 var det \u00e4ntligen dax att klippa bandet f\u00f6r Arlandanl\u00e4ggningen!"}]},{"@type":"WebSite","@id":"https:\/\/vilokan.com\/adf\/#website","url":"https:\/\/vilokan.com\/adf\/","name":"Vilokan ADF","description":"Vilokan ADF Solutions let airports recycle spent ADF to recover glycol and handle by-products in a profitable and environmentally sound way.","potentialAction":[{"@type":"SearchAction","target":{"@type":"EntryPoint","urlTemplate":"https:\/\/vilokan.com\/adf\/?s={search_term_string}"},"query-input":"required name=search_term_string"}],"inLanguage":"sv-SE"},{"@type":"Person","@id":"","url":"https:\/\/vilokan.com\/adf\/sv\/author\/"}]}},"_links":{"self":[{"href":"https:\/\/vilokan.com\/adf\/sv\/wp-json\/wp\/v2\/posts\/1702"}],"collection":[{"href":"https:\/\/vilokan.com\/adf\/sv\/wp-json\/wp\/v2\/posts"}],"about":[{"href":"https:\/\/vilokan.com\/adf\/sv\/wp-json\/wp\/v2\/types\/post"}],"author":[{"embeddable":true,"href":"https:\/\/vilokan.com\/adf\/sv\/wp-json\/wp\/v2\/users\/6"}],"replies":[{"embeddable":true,"href":"https:\/\/vilokan.com\/adf\/sv\/wp-json\/wp\/v2\/comments?post=1702"}],"version-history":[{"count":14,"href":"https:\/\/vilokan.com\/adf\/sv\/wp-json\/wp\/v2\/posts\/1702\/revisions"}],"predecessor-version":[{"id":1744,"href":"https:\/\/vilokan.com\/adf\/sv\/wp-json\/wp\/v2\/posts\/1702\/revisions\/1744"}],"wp:featuredmedia":[{"embeddable":true,"href":"https:\/\/vilokan.com\/adf\/sv\/wp-json\/wp\/v2\/media\/1703"}],"wp:attachment":[{"href":"https:\/\/vilokan.com\/adf\/sv\/wp-json\/wp\/v2\/media?parent=1702"}],"wp:term":[{"taxonomy":"category","embeddable":true,"href":"https:\/\/vilokan.com\/adf\/sv\/wp-json\/wp\/v2\/categories?post=1702"},{"taxonomy":"post_tag","embeddable":true,"href":"https:\/\/vilokan.com\/adf\/sv\/wp-json\/wp\/v2\/tags?post=1702"}],"curies":[{"name":"wp","href":"https:\/\/api.w.org\/{rel}","templated":true}]}}