{"id":1360,"date":"2018-06-20T06:34:09","date_gmt":"2018-06-20T06:34:09","guid":{"rendered":"http:\/\/vilokan.test\/?p=1360"},"modified":"2018-06-26T14:39:09","modified_gmt":"2018-06-26T14:39:09","slug":"for-miljon-for-ekonomin-och-for-framtiden","status":"publish","type":"post","link":"https:\/\/vilokan.com\/adf\/sv\/for-miljon-for-ekonomin-och-for-framtiden\/","title":{"rendered":"F\u00f6r milj\u00f6n, f\u00f6r ekonomin och f\u00f6r framtiden&#8230;"},"content":{"rendered":"<h3 class=\"p1\"><span class=\"s1\">Svensk reningsinnovation minskar avfallen inom flygbranschen<\/span><\/h3>\n<p class=\"p1\"><span class=\"s1\">Vilokan gick i br\u00e4schen f\u00f6r milj\u00f6arbete under tidigt 90-tal men blev s\u00e4llan tagna p\u00e5 allvar. Idag har bilden kring f\u00f6retagets hj\u00e4rtefr\u00e5gor f\u00f6r\u00e4ndrats. F\u00f6retaget har skapat ett innovativt system som designats f\u00f6r flygplatsens unika behov av h\u00f6gre effektivitet och l\u00e4gre milj\u00f6p\u00e5verkan. \u2013 Fler f\u00f6retag inser att vi m\u00e5ste jobba cirkul\u00e4rt och ta hand om avfallen fr\u00e5n industrier och flygplatserna p\u00e5 allvar. V\u00e5r vision och drivkraft handlar om att skapa ett kretslopp f\u00f6r milj\u00f6n, f\u00f6r ekonomin och f\u00f6r framtiden, s\u00e4ger Lars Rosell, del\u00e4gare i Vilokan koncernen.<\/span><\/p>\n<p class=\"p1\"><span class=\"s1\">Vilokan startades 1987 och har sedan dess arbetat med vattenrening och \u00e5tervinning av olika typer av flytande \u00e4mnen som vatten, l\u00f6sningsmedel och kemiska \u00e4mnen. F\u00f6retaget har riktat in sig p\u00e5 de stora industrierna, prim\u00e4rt inom fordons, l\u00e4kemedels och verkstadsindustrin, men \u00e4ven inom flygbranschen som anv\u00e4nder stora m\u00e4ngder glykol i sin verksamhet. <\/span><\/p>\n<p class=\"p1\"><span class=\"s1\">Genom \u00e5ren har Vilokan arbetat n\u00e4ra de st\u00f6rre svenska industrierna f\u00f6r att st\u00e4rka sin kompetens och l\u00e4ra sig mer om hur man kan \u00e5teranv\u00e4nda kemiska medel och processat vatten i industrierna. F\u00f6retaget har en vision om en h\u00e5llbar utveckling som bygger p\u00e5 ett kretslopp \u2013 en cirkul\u00e4r ekonomi, som s\u00e4kerst\u00e4ller f\u00f6rb\u00e4ttrade fl\u00f6den av varor och tj\u00e4nster, d\u00e4r teknologiska anl\u00e4ggningar p\u00e5 flygplatser har designats f\u00f6r att \u00e5tervinna glykol och hantera restprodukter p\u00e5 ett l\u00f6nsamt och milj\u00f6m\u00e4ssigt h\u00e5llbart s\u00e4tt. <\/span><\/p>\n<p class=\"p1\"><span class=\"s1\">\u2013 Tekniken fr\u00e5n Vilokan ADF Solutions g\u00f6r att avisningsv\u00e4tskor som glykol, men \u00e4ven processat vatten, kan renas och \u00e5tervinnas lokalt p\u00e5 flygplatsen. Vi s\u00e4tter upp en anl\u00e4ggning och vi skapar l\u00f6nsamhet i aff\u00e4ren genom att \u00e5terigen f\u00e5 tillg\u00e5ng till r\u00e5varan, som ett tj\u00e4nstekoncept. Genom att ta tillvara p\u00e5 r\u00e5materialen f\u00f6rhindrar vi att tungmetaller och biologiskt sv\u00e5rnedbrytbara \u00e4mnen sl\u00e4pps ut och d\u00e4rmed uppr\u00e4tth\u00e5lls en h\u00f6g kvalitet i ett tekniskt och h\u00e5llbart kretslopp, s\u00e4ger Lars Rosell. <\/span><\/p>\n<h3 class=\"p1\"><span class=\"s1\">Vill l\u00f6sa industrins komplexa renings- och \u00e5tervinningsbehov <\/span><\/h3>\n<p class=\"p1\"><span class=\"s1\">Vilokans kunder har drivit dem fram\u00e5t genom \u00e5ren, d\u00e4r de beh\u00f6vt m\u00f6ta behoven av innovativa l\u00f6sningar som grundar sig i industrin komplexa renings- och \u00e5tervinningsbehov. Med det kompletta serviceerbjudandet som kombinerats med v\u00e4rldsledande \u00e5tervinningsl\u00f6sningar kan flygplatserna och \u00f6vrig industri nu arbeta aktivt f\u00f6r att minska utsl\u00e4ppen.<\/span><\/p>\n<p class=\"p1\"><span class=\"s1\">\u2013 Vi hj\u00e4lper kunderna i deras milj\u00f6arbete och ser till att effektivisera processerna f\u00f6r dem genom att leverera hela system som hanterar det flytande avfallet utan att de beh\u00f6ver binda upp kapital i egen infrastruktur, det vill s\u00e4ga att vi finansierar och driver anl\u00e4ggningarna \u00e5t kunden. D\u00e4rmed elimineras \u00e4ven behovet av transporter och p\u00e5 s\u00e5 vis skapar vi l\u00f6nsamhet och en b\u00e4ttre milj\u00f6, s\u00e4ger Lars Rosell. <\/span><\/p>\n<h3 class=\"p1\"><span class=\"s1\">I framtiden siktar Vilokan mot den internationella marknaden<\/span><\/h3>\n<p class=\"p1\"><span class=\"s1\">\u2013 Skandinavien ligger i framkant g\u00e4llande milj\u00f6arbete och m\u00e5let \u00e4r att skapa en cirkul\u00e4r ekonomi globalt. Vi str\u00e4var efter att komma ut internationellt eftersom vi m\u00e5ste arbeta p\u00e5 en global niv\u00e5 f\u00f6r att kunna ta hand om hela v\u00e5r milj\u00f6, d\u00e4r alla har ett ansvar, avslutar Lars Rosell. <\/span><\/p>\n","protected":false},"excerpt":{"rendered":"<p>Svensk reningsinnovation minskar avfallen inom flygbranschen.<br \/>\nVilokan gick i br\u00e4schen f\u00f6r milj\u00f6arbete under tidigt 90-tal men blev s\u00e4llan tagna p\u00e5 allvar. Idag har bilden kring f\u00f6retagets hj\u00e4rtefr\u00e5gor f\u00f6r\u00e4ndrats. <\/p>\n","protected":false},"author":1,"featured_media":1362,"comment_status":"closed","ping_status":"closed","sticky":false,"template":"","format":"standard","meta":[],"categories":[13],"tags":[],"acf":[],"yoast_head":"<!-- This site is optimized with the Yoast SEO plugin v20.2.1 - https:\/\/yoast.com\/wordpress\/plugins\/seo\/ -->\n<title>F\u00f6r milj\u00f6n, f\u00f6r ekonomin och f\u00f6r framtiden... - Vilokan ADF<\/title>\n<meta name=\"robots\" content=\"index, follow, max-snippet:-1, max-image-preview:large, max-video-preview:-1\" \/>\n<link rel=\"canonical\" href=\"https:\/\/vilokan.com\/adf\/sv\/for-miljon-for-ekonomin-och-for-framtiden\/\" \/>\n<meta property=\"og:locale\" content=\"sv_SE\" \/>\n<meta property=\"og:type\" content=\"article\" \/>\n<meta property=\"og:title\" content=\"F\u00f6r milj\u00f6n, f\u00f6r ekonomin och f\u00f6r framtiden... - Vilokan ADF\" \/>\n<meta property=\"og:description\" content=\"Svensk reningsinnovation minskar avfallen inom flygbranschen. Vilokan gick i br\u00e4schen f\u00f6r milj\u00f6arbete under tidigt 90-tal men blev s\u00e4llan tagna p\u00e5 allvar. Idag har bilden kring f\u00f6retagets hj\u00e4rtefr\u00e5gor f\u00f6r\u00e4ndrats.\" \/>\n<meta property=\"og:url\" content=\"https:\/\/vilokan.com\/adf\/sv\/for-miljon-for-ekonomin-och-for-framtiden\/\" \/>\n<meta property=\"og:site_name\" content=\"Vilokan ADF\" \/>\n<meta property=\"article:published_time\" content=\"2018-06-20T06:34:09+00:00\" \/>\n<meta property=\"article:modified_time\" content=\"2018-06-26T14:39:09+00:00\" \/>\n<meta property=\"og:image\" content=\"https:\/\/aromdekor.fra1.digitaloceanspaces.com\/vilokan\/public\/sites\/3\/2018\/06\/news-deicing.jpg\" \/>\n\t<meta property=\"og:image:width\" content=\"820\" \/>\n\t<meta property=\"og:image:height\" content=\"530\" \/>\n\t<meta property=\"og:image:type\" content=\"image\/jpeg\" \/>\n<meta name=\"author\" content=\"brainforest\" \/>\n<meta name=\"twitter:card\" content=\"summary_large_image\" \/>\n<meta name=\"twitter:label1\" content=\"Written by\" \/>\n\t<meta name=\"twitter:data1\" content=\"brainforest\" \/>\n\t<meta name=\"twitter:label2\" content=\"Est. reading time\" \/>\n\t<meta name=\"twitter:data2\" content=\"3 minuter\" \/>\n<script type=\"application\/ld+json\" class=\"yoast-schema-graph\">{\"@context\":\"https:\/\/schema.org\",\"@graph\":[{\"@type\":\"WebPage\",\"@id\":\"https:\/\/vilokan.com\/adf\/sv\/for-miljon-for-ekonomin-och-for-framtiden\/\",\"url\":\"https:\/\/vilokan.com\/adf\/sv\/for-miljon-for-ekonomin-och-for-framtiden\/\",\"name\":\"F\u00f6r milj\u00f6n, f\u00f6r ekonomin och f\u00f6r framtiden... - Vilokan ADF\",\"isPartOf\":{\"@id\":\"https:\/\/vilokan.com\/adf\/#website\"},\"datePublished\":\"2018-06-20T06:34:09+00:00\",\"dateModified\":\"2018-06-26T14:39:09+00:00\",\"author\":{\"@id\":\"https:\/\/vilokan.com\/adf\/#\/schema\/person\/65fd2e1775588cd66f46dc1883dc3bfe\"},\"breadcrumb\":{\"@id\":\"https:\/\/vilokan.com\/adf\/sv\/for-miljon-for-ekonomin-och-for-framtiden\/#breadcrumb\"},\"inLanguage\":\"sv-SE\",\"potentialAction\":[{\"@type\":\"ReadAction\",\"target\":[\"https:\/\/vilokan.com\/adf\/sv\/for-miljon-for-ekonomin-och-for-framtiden\/\"]}]},{\"@type\":\"BreadcrumbList\",\"@id\":\"https:\/\/vilokan.com\/adf\/sv\/for-miljon-for-ekonomin-och-for-framtiden\/#breadcrumb\",\"itemListElement\":[{\"@type\":\"ListItem\",\"position\":1,\"name\":\"Home\",\"item\":\"https:\/\/vilokan.com\/adf\/sv\/\"},{\"@type\":\"ListItem\",\"position\":2,\"name\":\"F\u00f6r milj\u00f6n, f\u00f6r ekonomin och f\u00f6r framtiden&#8230;\"}]},{\"@type\":\"WebSite\",\"@id\":\"https:\/\/vilokan.com\/adf\/#website\",\"url\":\"https:\/\/vilokan.com\/adf\/\",\"name\":\"Vilokan ADF\",\"description\":\"Vilokan ADF Solutions let airports recycle spent ADF to recover glycol and handle by-products in a profitable and environmentally sound way.\",\"potentialAction\":[{\"@type\":\"SearchAction\",\"target\":{\"@type\":\"EntryPoint\",\"urlTemplate\":\"https:\/\/vilokan.com\/adf\/?s={search_term_string}\"},\"query-input\":\"required name=search_term_string\"}],\"inLanguage\":\"sv-SE\"},{\"@type\":\"Person\",\"@id\":\"https:\/\/vilokan.com\/adf\/#\/schema\/person\/65fd2e1775588cd66f46dc1883dc3bfe\",\"name\":\"brainforest\",\"url\":\"https:\/\/vilokan.com\/adf\/sv\/author\/brainforest\/\"}]}<\/script>\n<!-- \/ Yoast SEO plugin. -->","yoast_head_json":{"title":"F\u00f6r milj\u00f6n, f\u00f6r ekonomin och f\u00f6r framtiden... - Vilokan ADF","robots":{"index":"index","follow":"follow","max-snippet":"max-snippet:-1","max-image-preview":"max-image-preview:large","max-video-preview":"max-video-preview:-1"},"canonical":"https:\/\/vilokan.com\/adf\/sv\/for-miljon-for-ekonomin-och-for-framtiden\/","og_locale":"sv_SE","og_type":"article","og_title":"F\u00f6r milj\u00f6n, f\u00f6r ekonomin och f\u00f6r framtiden... - Vilokan ADF","og_description":"Svensk reningsinnovation minskar avfallen inom flygbranschen. Vilokan gick i br\u00e4schen f\u00f6r milj\u00f6arbete under tidigt 90-tal men blev s\u00e4llan tagna p\u00e5 allvar. Idag har bilden kring f\u00f6retagets hj\u00e4rtefr\u00e5gor f\u00f6r\u00e4ndrats.","og_url":"https:\/\/vilokan.com\/adf\/sv\/for-miljon-for-ekonomin-och-for-framtiden\/","og_site_name":"Vilokan ADF","article_published_time":"2018-06-20T06:34:09+00:00","article_modified_time":"2018-06-26T14:39:09+00:00","og_image":[{"width":820,"height":530,"url":"https:\/\/aromdekor.fra1.digitaloceanspaces.com\/vilokan\/public\/sites\/3\/2018\/06\/news-deicing.jpg","type":"image\/jpeg"}],"author":"brainforest","twitter_card":"summary_large_image","twitter_misc":{"Written by":"brainforest","Est. reading time":"3 minuter"},"schema":{"@context":"https:\/\/schema.org","@graph":[{"@type":"WebPage","@id":"https:\/\/vilokan.com\/adf\/sv\/for-miljon-for-ekonomin-och-for-framtiden\/","url":"https:\/\/vilokan.com\/adf\/sv\/for-miljon-for-ekonomin-och-for-framtiden\/","name":"F\u00f6r milj\u00f6n, f\u00f6r ekonomin och f\u00f6r framtiden... - Vilokan ADF","isPartOf":{"@id":"https:\/\/vilokan.com\/adf\/#website"},"datePublished":"2018-06-20T06:34:09+00:00","dateModified":"2018-06-26T14:39:09+00:00","author":{"@id":"https:\/\/vilokan.com\/adf\/#\/schema\/person\/65fd2e1775588cd66f46dc1883dc3bfe"},"breadcrumb":{"@id":"https:\/\/vilokan.com\/adf\/sv\/for-miljon-for-ekonomin-och-for-framtiden\/#breadcrumb"},"inLanguage":"sv-SE","potentialAction":[{"@type":"ReadAction","target":["https:\/\/vilokan.com\/adf\/sv\/for-miljon-for-ekonomin-och-for-framtiden\/"]}]},{"@type":"BreadcrumbList","@id":"https:\/\/vilokan.com\/adf\/sv\/for-miljon-for-ekonomin-och-for-framtiden\/#breadcrumb","itemListElement":[{"@type":"ListItem","position":1,"name":"Home","item":"https:\/\/vilokan.com\/adf\/sv\/"},{"@type":"ListItem","position":2,"name":"F\u00f6r milj\u00f6n, f\u00f6r ekonomin och f\u00f6r framtiden&#8230;"}]},{"@type":"WebSite","@id":"https:\/\/vilokan.com\/adf\/#website","url":"https:\/\/vilokan.com\/adf\/","name":"Vilokan ADF","description":"Vilokan ADF Solutions let airports recycle spent ADF to recover glycol and handle by-products in a profitable and environmentally sound way.","potentialAction":[{"@type":"SearchAction","target":{"@type":"EntryPoint","urlTemplate":"https:\/\/vilokan.com\/adf\/?s={search_term_string}"},"query-input":"required name=search_term_string"}],"inLanguage":"sv-SE"},{"@type":"Person","@id":"https:\/\/vilokan.com\/adf\/#\/schema\/person\/65fd2e1775588cd66f46dc1883dc3bfe","name":"brainforest","url":"https:\/\/vilokan.com\/adf\/sv\/author\/brainforest\/"}]}},"_links":{"self":[{"href":"https:\/\/vilokan.com\/adf\/sv\/wp-json\/wp\/v2\/posts\/1360"}],"collection":[{"href":"https:\/\/vilokan.com\/adf\/sv\/wp-json\/wp\/v2\/posts"}],"about":[{"href":"https:\/\/vilokan.com\/adf\/sv\/wp-json\/wp\/v2\/types\/post"}],"author":[{"embeddable":true,"href":"https:\/\/vilokan.com\/adf\/sv\/wp-json\/wp\/v2\/users\/1"}],"replies":[{"embeddable":true,"href":"https:\/\/vilokan.com\/adf\/sv\/wp-json\/wp\/v2\/comments?post=1360"}],"version-history":[{"count":0,"href":"https:\/\/vilokan.com\/adf\/sv\/wp-json\/wp\/v2\/posts\/1360\/revisions"}],"wp:featuredmedia":[{"embeddable":true,"href":"https:\/\/vilokan.com\/adf\/sv\/wp-json\/wp\/v2\/media\/1362"}],"wp:attachment":[{"href":"https:\/\/vilokan.com\/adf\/sv\/wp-json\/wp\/v2\/media?parent=1360"}],"wp:term":[{"taxonomy":"category","embeddable":true,"href":"https:\/\/vilokan.com\/adf\/sv\/wp-json\/wp\/v2\/categories?post=1360"},{"taxonomy":"post_tag","embeddable":true,"href":"https:\/\/vilokan.com\/adf\/sv\/wp-json\/wp\/v2\/tags?post=1360"}],"curies":[{"name":"wp","href":"https:\/\/api.w.org\/{rel}","templated":true}]}}