{"id":1113,"date":"2015-09-01T07:33:58","date_gmt":"2015-09-01T07:33:58","guid":{"rendered":"http:\/\/vilokan.test\/?p=1113"},"modified":"2018-07-12T11:19:34","modified_gmt":"2018-07-12T11:19:34","slug":"vilokan-staller-ut-pa-inter-airport-2015","status":"publish","type":"post","link":"https:\/\/vilokan.com\/adf\/sv\/vilokan-staller-ut-pa-inter-airport-2015\/","title":{"rendered":"Vilokan st\u00e4ller ut p\u00e5 Inter Airport 2015"},"content":{"rendered":"<p>V\u00e4lkommen att ta del av Vilokans senaste nyheter inom glykol\u00e5tervinning p\u00e5 flygplatser. Du hittar oss p\u00e5 utst\u00e4llningsplats 954 (Hall B5).<\/p>\n<p>Inter Airport Europe \u00e4r erk\u00e4nd som en av v\u00e4rldens ledande m\u00e4ssor f\u00f6r flygplatsindustrins olika akt\u00f6rer. Under ett par hektiska dagar m\u00f6ts flygoperat\u00f6rer, teknikleverant\u00f6rer och tj\u00e4nsteutf\u00f6rare f\u00f6r att ta del av de senaste nyheterna inom branschen. Vilokan \u00e4r en av 600 f\u00f6retag fr\u00e5n 40 l\u00e4nder som visar upp sina nyheter p\u00e5 Munich Trade Fair Centre i Tyskland. Totalt n\u00e4rvarar ca 11,900 personer p\u00e5 m\u00e4ssan.<\/p>\n","protected":false},"excerpt":{"rendered":"<p>V\u00e4lkommen att ta del av Vilokans senaste nyheter inom glykol\u00e5tervinning p\u00e5 flygplatser. Du hittar oss p\u00e5 utst\u00e4llningsplats 954 (Hall B5). Inter Airport Europe \u00e4r erk\u00e4nd som en av v\u00e4rldens ledande m\u00e4ssor f\u00f6r flygplatsindustrins olika akt\u00f6rer. Under ett par hektiska dagar m\u00f6ts flygoperat\u00f6rer, teknikleverant\u00f6rer och tj\u00e4nsteutf\u00f6rare f\u00f6r att ta del av de senaste nyheterna inom branschen&#8230;.<\/p>\n","protected":false},"author":1,"featured_media":1349,"comment_status":"open","ping_status":"open","sticky":false,"template":"","format":"standard","meta":[],"categories":[13],"tags":[],"acf":[],"yoast_head":"<!-- This site is optimized with the Yoast SEO plugin v20.2.1 - https:\/\/yoast.com\/wordpress\/plugins\/seo\/ -->\n<title>Vilokan st\u00e4ller ut p\u00e5 Inter Airport 2015 - Vilokan ADF<\/title>\n<meta name=\"robots\" content=\"index, follow, max-snippet:-1, max-image-preview:large, max-video-preview:-1\" \/>\n<link rel=\"canonical\" href=\"https:\/\/vilokan.com\/adf\/sv\/vilokan-staller-ut-pa-inter-airport-2015\/\" \/>\n<meta property=\"og:locale\" content=\"sv_SE\" \/>\n<meta property=\"og:type\" content=\"article\" \/>\n<meta property=\"og:title\" content=\"Vilokan st\u00e4ller ut p\u00e5 Inter Airport 2015 - Vilokan ADF\" \/>\n<meta property=\"og:description\" content=\"V\u00e4lkommen att ta del av Vilokans senaste nyheter inom glykol\u00e5tervinning p\u00e5 flygplatser. Du hittar oss p\u00e5 utst\u00e4llningsplats 954 (Hall B5). Inter Airport Europe \u00e4r erk\u00e4nd som en av v\u00e4rldens ledande m\u00e4ssor f\u00f6r flygplatsindustrins olika akt\u00f6rer. Under ett par hektiska dagar m\u00f6ts flygoperat\u00f6rer, teknikleverant\u00f6rer och tj\u00e4nsteutf\u00f6rare f\u00f6r att ta del av de senaste nyheterna inom branschen....\" \/>\n<meta property=\"og:url\" content=\"https:\/\/vilokan.com\/adf\/sv\/vilokan-staller-ut-pa-inter-airport-2015\/\" \/>\n<meta property=\"og:site_name\" content=\"Vilokan ADF\" \/>\n<meta property=\"article:published_time\" content=\"2015-09-01T07:33:58+00:00\" \/>\n<meta property=\"article:modified_time\" content=\"2018-07-12T11:19:34+00:00\" \/>\n<meta property=\"og:image\" content=\"https:\/\/aromdekor.fra1.digitaloceanspaces.com\/vilokan\/public\/sites\/3\/2018\/06\/news-inter-airport.jpg\" \/>\n\t<meta property=\"og:image:width\" content=\"820\" \/>\n\t<meta property=\"og:image:height\" content=\"530\" \/>\n\t<meta property=\"og:image:type\" content=\"image\/jpeg\" \/>\n<meta name=\"author\" content=\"brainforest\" \/>\n<meta name=\"twitter:card\" content=\"summary_large_image\" \/>\n<meta name=\"twitter:label1\" content=\"Written by\" \/>\n\t<meta name=\"twitter:data1\" content=\"brainforest\" \/>\n<script type=\"application\/ld+json\" class=\"yoast-schema-graph\">{\"@context\":\"https:\/\/schema.org\",\"@graph\":[{\"@type\":\"WebPage\",\"@id\":\"https:\/\/vilokan.com\/adf\/sv\/vilokan-staller-ut-pa-inter-airport-2015\/\",\"url\":\"https:\/\/vilokan.com\/adf\/sv\/vilokan-staller-ut-pa-inter-airport-2015\/\",\"name\":\"Vilokan st\u00e4ller ut p\u00e5 Inter Airport 2015 - Vilokan ADF\",\"isPartOf\":{\"@id\":\"https:\/\/vilokan.com\/adf\/#website\"},\"datePublished\":\"2015-09-01T07:33:58+00:00\",\"dateModified\":\"2018-07-12T11:19:34+00:00\",\"author\":{\"@id\":\"https:\/\/vilokan.com\/adf\/#\/schema\/person\/65fd2e1775588cd66f46dc1883dc3bfe\"},\"breadcrumb\":{\"@id\":\"https:\/\/vilokan.com\/adf\/sv\/vilokan-staller-ut-pa-inter-airport-2015\/#breadcrumb\"},\"inLanguage\":\"sv-SE\",\"potentialAction\":[{\"@type\":\"ReadAction\",\"target\":[\"https:\/\/vilokan.com\/adf\/sv\/vilokan-staller-ut-pa-inter-airport-2015\/\"]}]},{\"@type\":\"BreadcrumbList\",\"@id\":\"https:\/\/vilokan.com\/adf\/sv\/vilokan-staller-ut-pa-inter-airport-2015\/#breadcrumb\",\"itemListElement\":[{\"@type\":\"ListItem\",\"position\":1,\"name\":\"Home\",\"item\":\"https:\/\/vilokan.com\/adf\/sv\/\"},{\"@type\":\"ListItem\",\"position\":2,\"name\":\"Vilokan st\u00e4ller ut p\u00e5 Inter Airport 2015\"}]},{\"@type\":\"WebSite\",\"@id\":\"https:\/\/vilokan.com\/adf\/#website\",\"url\":\"https:\/\/vilokan.com\/adf\/\",\"name\":\"Vilokan ADF\",\"description\":\"Vilokan ADF Solutions let airports recycle spent ADF to recover glycol and handle by-products in a profitable and environmentally sound way.\",\"potentialAction\":[{\"@type\":\"SearchAction\",\"target\":{\"@type\":\"EntryPoint\",\"urlTemplate\":\"https:\/\/vilokan.com\/adf\/?s={search_term_string}\"},\"query-input\":\"required name=search_term_string\"}],\"inLanguage\":\"sv-SE\"},{\"@type\":\"Person\",\"@id\":\"https:\/\/vilokan.com\/adf\/#\/schema\/person\/65fd2e1775588cd66f46dc1883dc3bfe\",\"name\":\"brainforest\",\"url\":\"https:\/\/vilokan.com\/adf\/sv\/author\/brainforest\/\"}]}<\/script>\n<!-- \/ Yoast SEO plugin. -->","yoast_head_json":{"title":"Vilokan st\u00e4ller ut p\u00e5 Inter Airport 2015 - Vilokan ADF","robots":{"index":"index","follow":"follow","max-snippet":"max-snippet:-1","max-image-preview":"max-image-preview:large","max-video-preview":"max-video-preview:-1"},"canonical":"https:\/\/vilokan.com\/adf\/sv\/vilokan-staller-ut-pa-inter-airport-2015\/","og_locale":"sv_SE","og_type":"article","og_title":"Vilokan st\u00e4ller ut p\u00e5 Inter Airport 2015 - Vilokan ADF","og_description":"V\u00e4lkommen att ta del av Vilokans senaste nyheter inom glykol\u00e5tervinning p\u00e5 flygplatser. Du hittar oss p\u00e5 utst\u00e4llningsplats 954 (Hall B5). Inter Airport Europe \u00e4r erk\u00e4nd som en av v\u00e4rldens ledande m\u00e4ssor f\u00f6r flygplatsindustrins olika akt\u00f6rer. Under ett par hektiska dagar m\u00f6ts flygoperat\u00f6rer, teknikleverant\u00f6rer och tj\u00e4nsteutf\u00f6rare f\u00f6r att ta del av de senaste nyheterna inom branschen....","og_url":"https:\/\/vilokan.com\/adf\/sv\/vilokan-staller-ut-pa-inter-airport-2015\/","og_site_name":"Vilokan ADF","article_published_time":"2015-09-01T07:33:58+00:00","article_modified_time":"2018-07-12T11:19:34+00:00","og_image":[{"width":820,"height":530,"url":"https:\/\/aromdekor.fra1.digitaloceanspaces.com\/vilokan\/public\/sites\/3\/2018\/06\/news-inter-airport.jpg","type":"image\/jpeg"}],"author":"brainforest","twitter_card":"summary_large_image","twitter_misc":{"Written by":"brainforest"},"schema":{"@context":"https:\/\/schema.org","@graph":[{"@type":"WebPage","@id":"https:\/\/vilokan.com\/adf\/sv\/vilokan-staller-ut-pa-inter-airport-2015\/","url":"https:\/\/vilokan.com\/adf\/sv\/vilokan-staller-ut-pa-inter-airport-2015\/","name":"Vilokan st\u00e4ller ut p\u00e5 Inter Airport 2015 - Vilokan ADF","isPartOf":{"@id":"https:\/\/vilokan.com\/adf\/#website"},"datePublished":"2015-09-01T07:33:58+00:00","dateModified":"2018-07-12T11:19:34+00:00","author":{"@id":"https:\/\/vilokan.com\/adf\/#\/schema\/person\/65fd2e1775588cd66f46dc1883dc3bfe"},"breadcrumb":{"@id":"https:\/\/vilokan.com\/adf\/sv\/vilokan-staller-ut-pa-inter-airport-2015\/#breadcrumb"},"inLanguage":"sv-SE","potentialAction":[{"@type":"ReadAction","target":["https:\/\/vilokan.com\/adf\/sv\/vilokan-staller-ut-pa-inter-airport-2015\/"]}]},{"@type":"BreadcrumbList","@id":"https:\/\/vilokan.com\/adf\/sv\/vilokan-staller-ut-pa-inter-airport-2015\/#breadcrumb","itemListElement":[{"@type":"ListItem","position":1,"name":"Home","item":"https:\/\/vilokan.com\/adf\/sv\/"},{"@type":"ListItem","position":2,"name":"Vilokan st\u00e4ller ut p\u00e5 Inter Airport 2015"}]},{"@type":"WebSite","@id":"https:\/\/vilokan.com\/adf\/#website","url":"https:\/\/vilokan.com\/adf\/","name":"Vilokan ADF","description":"Vilokan ADF Solutions let airports recycle spent ADF to recover glycol and handle by-products in a profitable and environmentally sound way.","potentialAction":[{"@type":"SearchAction","target":{"@type":"EntryPoint","urlTemplate":"https:\/\/vilokan.com\/adf\/?s={search_term_string}"},"query-input":"required name=search_term_string"}],"inLanguage":"sv-SE"},{"@type":"Person","@id":"https:\/\/vilokan.com\/adf\/#\/schema\/person\/65fd2e1775588cd66f46dc1883dc3bfe","name":"brainforest","url":"https:\/\/vilokan.com\/adf\/sv\/author\/brainforest\/"}]}},"_links":{"self":[{"href":"https:\/\/vilokan.com\/adf\/sv\/wp-json\/wp\/v2\/posts\/1113"}],"collection":[{"href":"https:\/\/vilokan.com\/adf\/sv\/wp-json\/wp\/v2\/posts"}],"about":[{"href":"https:\/\/vilokan.com\/adf\/sv\/wp-json\/wp\/v2\/types\/post"}],"author":[{"embeddable":true,"href":"https:\/\/vilokan.com\/adf\/sv\/wp-json\/wp\/v2\/users\/1"}],"replies":[{"embeddable":true,"href":"https:\/\/vilokan.com\/adf\/sv\/wp-json\/wp\/v2\/comments?post=1113"}],"version-history":[{"count":1,"href":"https:\/\/vilokan.com\/adf\/sv\/wp-json\/wp\/v2\/posts\/1113\/revisions"}],"predecessor-version":[{"id":1644,"href":"https:\/\/vilokan.com\/adf\/sv\/wp-json\/wp\/v2\/posts\/1113\/revisions\/1644"}],"wp:featuredmedia":[{"embeddable":true,"href":"https:\/\/vilokan.com\/adf\/sv\/wp-json\/wp\/v2\/media\/1349"}],"wp:attachment":[{"href":"https:\/\/vilokan.com\/adf\/sv\/wp-json\/wp\/v2\/media?parent=1113"}],"wp:term":[{"taxonomy":"category","embeddable":true,"href":"https:\/\/vilokan.com\/adf\/sv\/wp-json\/wp\/v2\/categories?post=1113"},{"taxonomy":"post_tag","embeddable":true,"href":"https:\/\/vilokan.com\/adf\/sv\/wp-json\/wp\/v2\/tags?post=1113"}],"curies":[{"name":"wp","href":"https:\/\/api.w.org\/{rel}","templated":true}]}}